{"id":99,"date":"2012-01-31T11:21:03","date_gmt":"2012-01-31T10:21:03","guid":{"rendered":"http:\/\/www.rafafont.eu\/blog\/?p=99"},"modified":"2012-01-31T11:37:14","modified_gmt":"2012-01-31T10:37:14","slug":"que-modelo-de-partido-para-equo","status":"publish","type":"post","link":"https:\/\/www.rafafont.eu\/blog\/que-modelo-de-partido-para-equo\/","title":{"rendered":"\u00bfQu\u00e9 modelo de partido para Equo?"},"content":{"rendered":"<p>A ra\u00edz de la presentaci\u00f3n de mi candidatura, recibo a trav\u00e9s de la Equomunidad dos preguntas relacionadas:<\/p>\n<blockquote><p><a href=\"https:\/\/twitter.com\/#!\/miszapatos\"><img decoding=\"async\" loading=\"lazy\" class=\"alignleft\" title=\"Ruben Ferrer\" src=\"https:\/\/si0.twimg.com\/profile_images\/1282001630\/Ruben_reasonably_small.jpg\" alt=\"\" width=\"92\" height=\"92\" \/><\/a><\/p>\n<p><strong>Rub\u00e9n Ferrer<\/strong>: \u00bfConsideras que Equo debe de ser un proyecto \u00fanico en todo el estado espa\u00f1ol o debemos admitir excepciones en territorios?<\/p><\/blockquote>\n<p>&nbsp;<\/p>\n<blockquote><p><img decoding=\"async\" loading=\"lazy\" class=\"alignleft\" title=\"Juan Cappelletti\" src=\"http:\/\/equomunidad.org\/es\/sites\/default\/files\/imagecache\/profile_pictures\/pictures\/picture-301.jpg\" alt=\"\" width=\"112\" height=\"112\" \/><\/p>\n<p><strong>Juan Cappelletti:<\/strong> \u00bfQu\u00e9 modelo de partido crees que debe tener EQUO? \u00bfun partido estatal de caracter federal? \u00bfUn partido centralista? \u00bfo un modelo confederal como el que propugnan los partidos de Iniciativa?<\/p><\/blockquote>\n<p>&nbsp;<\/p>\n<p>&nbsp;<\/p>\n<p>Mi respuesta breve ser\u00eda: <strong>una \u00fanica organizaci\u00f3n estatal, con mucha independencia territorial, y tratando entre todos lo que es de todos<\/strong>.<\/p>\n<p>Este debate sobre el modelo de partido ha sido tradicionalmente un quebradero de cabeza para Los Verdes, que pasaron de ser un partido estatal, a ser una confederaci\u00f3n de partidos auton\u00f3micos. Creo que el debate &#8220;<em>federal vs confederal<\/em>&#8221; est\u00e1 todav\u00eda viciado, le falta una buena definici\u00f3n sem\u00e1ntica porque no est\u00e1 claro qu\u00e9 significa cada t\u00e9rmino, y como resultado he visto a gente defender exactamente las mismas ideas, cada uno desde una etiqueta contraria.<\/p>\n<p>Por eso no creo que el dilema &#8220;<em>federal vs confederal<\/em>&#8221; sea el m\u00e1s adecuado para exponer mis ideas, y prefiero salirme del cuadro y plantear los principios de funcionamiento que considero interesantes, y luego ya el lector pondr\u00e1 las etiquetas que considere oportuno, si quiere.<\/p>\n<p>El objetivo es configurar un modelo donde las personas individuales est\u00e9n en el centro del proceso, donde se respete el principio &#8220;<em>1 persona = 1 voto<\/em>&#8220;, y donde se facilite la participaci\u00f3n de la gente en la elaboraci\u00f3n de posiciones pol\u00edticas. Desde mi punto de vista, esto se construye de la siguiente manera:<\/p>\n<p><strong>Una \u00fanica organizaci\u00f3n en todo el estado<\/strong><\/p>\n<p>Considero que Equo debe ser un partido \u00fanico en toda Espa\u00f1a. Todas las personas que form\u00e1semos parte del mismo deber\u00edamos pagar cuotas a la misma entidad administrativa y contribuir al desarrollo de un \u00fanico discurso pol\u00edtico para el \u00e1mbito estatal.<\/p>\n<p>No comparto por tanto la idea de crear por ejemplo &#8220;Equo Asturias&#8221; como entidad diferenciada de Equo, aunque luego se asocie.<\/p>\n<p>S\u00ed que comparto las preocupaciones que habr\u00eda detr\u00e1s de esa propuesta, que ser\u00edan, por simplificar: &#8220;que no decidan en Madrid lo que tenemos que hacer o pensar en Asturias&#8221;. Mi modelo de partido es \u00fanico, pero no es centralista. Defiendo la autonom\u00eda local, pero creo que defenderla creando un partido propio no s\u00f3lo no soluciona problemas, sino que introduce otros nuevos.<\/p>\n<p><strong>Asambleas territoriales con mucha independencia<\/strong><\/p>\n<p>Creo que las asambleas han de tener un elevado grado de independencia. La organizaci\u00f3n estatal sirve para proporcionar un marco de actuaci\u00f3n, y luego quien ha de convertirlo en algo concreto son quienes conocen el territorio, que contar\u00edan con el apoyo del resto de la organizaci\u00f3n.<\/p>\n<p>Por ejemplo y por tocar un tema espinoso: las ayudas al carb\u00f3n en Asturias. El marco ideol\u00f3gico ecologista de Equo define una postura contraria a seguir metiendo dinero p\u00fablico en el carb\u00f3n. Pero son los asturianos los que m\u00e1s saben sobre qu\u00e9 pol\u00edticas alternativas hay que implantar para reducir el impacto social y para ofrecer una salida mejor a las cuencas mineras basada en el empleo verde.<\/p>\n<p>La organizaci\u00f3n estatal se encarga de definir la postura contraria al carb\u00f3n y favorable al empleo verde, y la organizaci\u00f3n territorial de decir c\u00f3mo mejor aplicar esas pol\u00edticas, y ambos \u00e1mbitos, estatal y territorial, trabajan en la misma direcci\u00f3n.<\/p>\n<p><strong>Lo que es de todos, lo tratamos entre todos.<\/strong><\/p>\n<p>Por ejemplo: los temas asturianos, los decidimos entre todos los asturianos, y los temas estatales, los decidimos entre todos los participantes de Equo en Espa\u00f1a. Aunque esto pueda parecer una idea b\u00e1sica, en la pr\u00e1ctica no suele ser as\u00ed.<\/p>\n<p>Un ejemplo que considero de mala aplicaci\u00f3n: supongamos un tema estatal como las ayudas a las renovables. En la Asamblea de Equo en Asturias se consensuar\u00eda una posici\u00f3n cr\u00edtica, y en otro territorio de Espa\u00f1a se llegar\u00eda a una posici\u00f3n m\u00e1s favorable. \u00bfCual ser\u00eda la opini\u00f3n de Equo como entidad estatal? Para llegar a ella, los delegados de los territorios se pondr\u00edan de acuerdo en un nuevo texto.<\/p>\n<p>\u00bfQu\u00e9 considero que tiene de malo este modelo?<\/p>\n<p>&#8211; Refleja una organizaci\u00f3n basada en las asambleas, y no basada en las personas. Equo se define como un partido de personas, y no de organizaciones, y deber\u00edan de ser las personas quienes se pusieran de acuerdo.<\/p>\n<p>&#8211; No se respeta el principio &#8220;1 persona = 1 voto&#8221;. Aunque tu tengas una postura favorable, si la mayor\u00eda de tu asamblea tiene una posici\u00f3n cr\u00edtica, tu voto se perder\u00e1. Los delegados de tu Asamblea, cuando negocien con los otros delegados, llevar\u00e1n la posici\u00f3n mayoritaria de la asamblea, dejando la tuya de lado.<\/p>\n<p>&#8211; Se establece un nivel intermedio de jerarqu\u00eda, lo que redunda en una menor horizontalidad. Ya no todo el mundo est\u00e1 al mismo nivel, sino que los delegados son quienes tienen la potestad de tomar una decisi\u00f3n por encima del resto de afiliados.<\/p>\n<p>&#8211; No se divide el trabajo. Toda la Asamblea de Asturias opina sobre todos los temas, en vez de tener a gente especializada sigui\u00e9ndolos con m\u00e1s detenimiento.<\/p>\n<p>\u00bfCual ser\u00eda en mi opini\u00f3n la v\u00eda adecuada?<\/p>\n<p>Este principio &#8220;lo de todos entre todos&#8221; ya se aplica en las primarias de Equo. A diferencia de otros partidos, el candidato es elegido siempre por su asamblea. Si es el candidato provincial, es la asamblea provincial la que hace primarias. Si es el candidato estatal, en vez de establecer un sistema de delegaci\u00f3n de voto en el que cada asamblea territorial elige a su candidato y luego negocian entre asambleas, se establecen primarias en igualdad de condiciones para todos los que formamos Equo.<\/p>\n<p>En el caso anterior de las renovables, la opini\u00f3n de Equo estatal vendr\u00eda dada por el conjunto de los afiliados. \u00bfC\u00f3mo organizarlo? Derivando el tema al grupo de trabajo sobre Energ\u00eda, en el que participan todas aquellas personas de todos los territorios interesadas en el tema, y que lanzar\u00e1 una propuesta de posicionamiento.<\/p>\n<p>Este modelo permite optimizar el tiempo de los participantes, que ya no tienen que tratar de todos los temas sino de sus preferidos. Mejora tambi\u00e9n el nivel del debate, que puede hacerse m\u00e1s profundo. Permite que los votos individuales afecten a la propuesta del grupo, y ponen a las personas en el centro del modelo, siendo ellas a nivel individual quienes discuten los temas, y no las organizaciones.<\/p>\n<p>Todav\u00eda faltar\u00eda un elemento para mejorar el sistema: una buena implementaci\u00f3n de la transversalidad, de forma que en los temas que se compartan entre varios grupos tem\u00e1ticos diferentes los acuerdos se produzcan durante el proceso de debate entre los participantes, y no al final del mismo.<\/p>\n<p><strong>En resumen<\/strong><\/p>\n<p>Una \u00fanica organizaci\u00f3n estatal, con mucha independencia territorial, y tratando entre todos lo que es de todos: ese es mi modelo de partido.<\/p>\n","protected":false},"excerpt":{"rendered":"<p>A ra\u00edz de la presentaci\u00f3n de mi candidatura, recibo a trav\u00e9s de la Equomunidad dos preguntas relacionadas: Rub\u00e9n Ferrer: \u00bfConsideras que Equo debe de ser un proyecto \u00fanico en todo el estado espa\u00f1ol o debemos admitir excepciones en territorios? &nbsp; Juan Cappelletti: \u00bfQu\u00e9 modelo de partido crees que debe tener EQUO? \u00bfun partido estatal de [&hellip;]<\/p>\n","protected":false},"author":2,"featured_media":0,"comment_status":"open","ping_status":"open","sticky":false,"template":"","format":"standard","meta":{"_s2mail":"yes","jetpack_publicize_message":"","jetpack_is_tweetstorm":false,"jetpack_publicize_feature_enabled":true,"jetpack_social_post_already_shared":false,"jetpack_social_options":{"image_generator_settings":{"template":"highway","enabled":false}}},"categories":[33,42],"tags":[469,46,45,49,50,43,48,47],"jetpack_publicize_connections":[],"_links":{"self":[{"href":"https:\/\/www.rafafont.eu\/blog\/wp-json\/wp\/v2\/posts\/99"}],"collection":[{"href":"https:\/\/www.rafafont.eu\/blog\/wp-json\/wp\/v2\/posts"}],"about":[{"href":"https:\/\/www.rafafont.eu\/blog\/wp-json\/wp\/v2\/types\/post"}],"author":[{"embeddable":true,"href":"https:\/\/www.rafafont.eu\/blog\/wp-json\/wp\/v2\/users\/2"}],"replies":[{"embeddable":true,"href":"https:\/\/www.rafafont.eu\/blog\/wp-json\/wp\/v2\/comments?post=99"}],"version-history":[{"count":6,"href":"https:\/\/www.rafafont.eu\/blog\/wp-json\/wp\/v2\/posts\/99\/revisions"}],"predecessor-version":[{"id":105,"href":"https:\/\/www.rafafont.eu\/blog\/wp-json\/wp\/v2\/posts\/99\/revisions\/105"}],"wp:attachment":[{"href":"https:\/\/www.rafafont.eu\/blog\/wp-json\/wp\/v2\/media?parent=99"}],"wp:term":[{"taxonomy":"category","embeddable":true,"href":"https:\/\/www.rafafont.eu\/blog\/wp-json\/wp\/v2\/categories?post=99"},{"taxonomy":"post_tag","embeddable":true,"href":"https:\/\/www.rafafont.eu\/blog\/wp-json\/wp\/v2\/tags?post=99"}],"curies":[{"name":"wp","href":"https:\/\/api.w.org\/{rel}","templated":true}]}}