{"id":829,"date":"2023-07-05T16:28:52","date_gmt":"2023-07-05T14:28:52","guid":{"rendered":"https:\/\/www.rafafont.eu\/blog\/?p=829"},"modified":"2023-07-05T16:28:56","modified_gmt":"2023-07-05T14:28:56","slug":"que-piensa-la-espana-vaciada-de-la-transicion-ecologica","status":"publish","type":"post","link":"https:\/\/www.rafafont.eu\/blog\/que-piensa-la-espana-vaciada-de-la-transicion-ecologica\/","title":{"rendered":"\u00bfQu\u00e9 piensa la Espa\u00f1a Vaciada de la transici\u00f3n ecol\u00f3gica?"},"content":{"rendered":"\n<p>La asociaci\u00f3n #OIKOS ha publicado el informe &#8220;<strong>Vaciada \u00bfy verde? Actitudes de la Espa\u00f1a rural ante el #CambioClim\u00e1tico y el #ecologismo<\/strong>&#8220;. \u00bfQu\u00e9 pueden aprender de \u00e9l quienes quieren ser candidatas y candidatos ecologistas en la #Espa\u00f1aRural? Aqu\u00ed va mi resumen del informe y mis conclusiones.<\/p>\n\n\n\n<p class=\"has-medium-font-size\"><strong>OIKOS<\/strong><\/p>\n\n\n\n<p>OIKOS es un think-tank que aborda la ecolog\u00eda desde una visi\u00f3n pol\u00edtica liberal y conservadora. Sus fundadores, Toni Timoner y Luis Quiroga, argumentan que <a href=\"https:\/\/blogs.elconfidencial.com\/espana\/tribuna\/2019-08-27\/consenso-medioambiental-derecha_2194431\/\">el ecologismo debe superar el marco &#8220;izquierda-derecha&#8221;<\/a>, y que el centro-derecha, en el que se consideran inclu\u00eddos, debe participar del debate ambiental.<\/p>\n\n\n\n<p>Cosa que a m\u00ed, que me considero ecologista y de izquierdas, me parece fenomenal. Ojal\u00e1 todos los partidos se pongan las pilas con el tema, y que las candidatas que se consideren ecologistas sean cabeza de lista en todos los partidos, tambi\u00e9n en los de centro-derecha. Creo que <a href=\"https:\/\/www.oikos.eco\/quienes-somos\">OIKOS <\/a>tiene un trabajo tit\u00e1nico por delante para reforzar el ecologismo en el centro-derecha, creo que son conscientes de ello, y les deseo que tengan \u00e9xito.<\/p>\n\n\n\n<p>A la vez estoy convencido de que el voto ecologista m\u00e1s pr\u00e1ctico es el de izquierdas, y en particular el de mi partido, <a href=\"https:\/\/alternativaverdeporasturias.es\/\">Verdes Equo<\/a>.\u00a0 M\u00e1s a\u00fan, cuando los nuevos gobiernos auton\u00f3micos y locales de derechas lo primero que hacen es desmontar los carriles bici que los gobiernos anteriores de izquierda han montado. \u00bfLa salud, el aire limpio, el deporte, las ciudades vivibles, son de izquierdas? Yo creo que la izquierda (verde) los defiende mejor, pero son patrimonio com\u00fan.<\/p>\n\n\n\n<p>Mientras tanto, el trabajo de OIKOS sirve para comprender mejor la relaci\u00f3n entre la Espa\u00f1a conservadora y el ecologismo. Y aqu\u00ed entra el informe que acaban de sacar, sobre <a href=\"https:\/\/www.oikos.eco\/publicaciones\">las opiniones del mundo rural sobre la transici\u00f3n ecol\u00f3gica<\/a>. Recomiendo la lectura del resumen ejecutivo, y a ser posible de las primeras 14 p\u00e1ginas. En el siguiente apartado me limitar\u00e9 a copiar y pegar frases del informe, que creo que se explican por s\u00ed solas.<\/p>\n\n\n\n<p class=\"has-medium-font-size\"><strong>Extractos del informe: &#8220;Vaciada \u00bfy verde? Actitudes de la Espa\u00f1a rural ante el cambio clim\u00e1tico y el ecologismo&#8221;<\/strong><\/p>\n\n\n\n<p><strong>El rol de la Espa\u00f1a Rural en la transici\u00f3n ecol\u00f3gica<\/strong><\/p>\n\n\n\n<p class=\"has-light-gray-background-color has-background\">El mundo rural es objeto de discusi\u00f3n pero no sujeto en la conversaci\u00f3n sobre cambio clim\u00e1tico y sostenibilidad. No logra hacer o\u00edr sus intereses, puntos de vista y opiniones diferenciada frente a la mayoritaria Espa\u00f1a urbana.<\/p>\n\n\n\n<p class=\"has-light-gray-background-color has-background\">Gran parte de la acci\u00f3n contra el cambio clim\u00e1tico y la protecci\u00f3n del medio ambiente necesita de la Espa\u00f1a rural pero tambi\u00e9n ejerce sobre ella una carga, a veces, desproporcionada sobre sus recursos y motores econ\u00f3micos: su paisaje alberga a la mayor\u00eda de las energ\u00edas renovables, sus campos son la fuente de alimentos que la ciudad pide que sean sostenibles, y sus bosques es donde se neutraliza la huella de carbono.<\/p>\n\n\n\n<p class=\"has-light-gray-background-color has-background\">El mundo rural espa\u00f1ol podr\u00eda estar percibiendo los debates y discusiones pol\u00edticas sobre clima y medio como producto de ansiedades urbanas ajenas a las preocupaciones reales y pr\u00f3ximas de la Espa\u00f1a rural.<\/p>\n\n\n\n<p class=\"has-light-gray-background-color has-background\">Tenemos la oportunidad de evitar la escalada de oposici\u00f3n (a la transici\u00f3n ecol\u00f3gica) por parte del campo que ya se observa en Holanda, Australia o en los EE.UU.<\/p>\n\n\n\n<p class=\"has-light-gray-background-color has-background\">El \u00e9xito de la transici\u00f3n ecol\u00f3gica depender\u00e1 de que el debate p\u00fablico sea capaz de incluir a la Espa\u00f1a rural en condiciones de justo reconocimiento conforme al papel que realmente juega en la lucha contra el cambio clim\u00e1tico.&nbsp;<\/p>\n\n\n\n<p><strong>Energ\u00eda<\/strong><\/p>\n\n\n\n<p class=\"has-light-gray-background-color has-background\">En relaci\u00f3n con la repartici\u00f3n y uso del suelo para la generaci\u00f3n de energ\u00eda renovables versus la producci\u00f3n agr\u00edcola, la mayor\u00eda de la opini\u00f3n p\u00fablica espa\u00f1ola muestra una inclinaci\u00f3n hacia un enfoque compartido, pero el ciudadano de la Espa\u00f1a<br>rural manifiesta una preferencia por priorizar el uso de suelo para actividades agroganaderas frente a las renovables.<\/p>\n\n\n\n<p class=\"has-light-gray-background-color has-background\">La creaci\u00f3n de nuevas centrales nucleares obtiene escaso apoyo en todos los \u00e1mbitos territoriales<\/p>\n\n\n\n<p><strong>Biodiversidad<\/strong><\/p>\n\n\n\n<p class=\"has-light-gray-background-color has-background\">El mundo rural expresa un tangible menor grado de preocupaci\u00f3n por la p\u00e9rdida de biodiversidad y extinci\u00f3n de especies.<\/p>\n\n\n\n<p class=\"has-light-gray-background-color has-background\">Tambi\u00e9n en relaci\u00f3n con los espacios protegidos, vemos que m\u00e1s de la mitad de la poblaci\u00f3n rural considera la caza como una actividad compatible con la gesti\u00f3n de estos espacios naturales protegidos, algo menos com\u00fan entre los residentes urbanos<\/p>\n\n\n\n<p><strong>Negacionismo clim\u00e1tico<\/strong><\/p>\n\n\n\n<p class=\"has-light-gray-background-color has-background\">El negacionismo frente al cambio clim\u00e1tico es minoritario (representando menos del 10% de la poblaci\u00f3n) y lo es sin variaci\u00f3n de opini\u00f3n entre el campo y la ciudad.<\/p>\n\n\n\n<p class=\"has-light-gray-background-color has-background\">El negacionismo clim\u00e1tico es minoritario entre todos los grupos ideol\u00f3gicos, con resultados casi id\u00e9nticos entre el contexto rural y urbano. Es en la sensaci\u00f3n de prioridad y urgencia que el votante de derecha se distancia m\u00e1s de la izquierda.<\/p>\n\n\n\n<p><strong>Decrecimiento y antinatalismo<\/strong><\/p>\n\n\n\n<p class=\"has-light-gray-background-color has-background\">Otras medidas, como la reducci\u00f3n de la natalidad, y por consiguiente de la presi\u00f3n demogr\u00e1fica sobre el planeta o el decrecimiento econ\u00f3mico, reciben un apoyo mucho menor, siendo rechazadas por m\u00e1s de la mitad de la poblaci\u00f3n.<\/p>\n\n\n\n<p class=\"has-light-gray-background-color has-background\">Esa reticencia al decrecimiento y el antinatalismo es m\u00e1s pronunciada en el campo que en la ciudad, especialmente el antinatalismo, que genera menos rechazo en zonas altamente urbanas que en el resto del pa\u00eds.<\/p>\n\n\n\n<p class=\"has-light-gray-background-color has-background\">Las posturas de los votantes conservadores y progresistas se muestran bastante distanciadas, tanto en la ciudad como en el campo, con respecto al apoyo al decrecimiento como v\u00eda para la transici\u00f3n ecol\u00f3gica.<\/p>\n\n\n\n<p><strong>Precios<\/strong><\/p>\n\n\n\n<p class=\"has-light-gray-background-color has-background\">Consenso un\u00e1nime entre toda la poblaci\u00f3n espa\u00f1ola, independientemente de la residencia, en que los agricultores y ganaderos reciben un precio por debajo del que deber\u00edan. Se apunta como principales culpables a distribuidores e intermediarios, supermercados y falta de regulaci\u00f3n<\/p>\n\n\n\n<p><strong>Macrogranjas<\/strong><\/p>\n\n\n\n<p class=\"has-light-gray-background-color has-background\">La Espa\u00f1a rural y urbana coincide en su opini\u00f3n sobre las macrogranjas y las peque\u00f1as explotaciones agroganaderas: las macrogranjas pierden en calidad y sostenibilidad medioambientales, pero ofrecen productos m\u00e1s asequibles al consumidor<\/p>\n\n\n\n<p class=\"has-medium-font-size\"><strong>Conclusiones (del estudio<\/strong>)<\/p>\n\n\n\n<p>De las 10 conclusiones que aporta el estudio, se\u00f1alo las que me parecen de mayor calado:<\/p>\n\n\n\n<p class=\"has-light-gray-background-color has-background\">2. Garantizar un impacto local positivo del despliegue de energ\u00edas renovables que<br>se instalen en el suelo rural.<\/p>\n\n\n\n<p class=\"has-light-gray-background-color has-background\">4. Perseguir un impacto positivo directo y local en la creaci\u00f3n y gesti\u00f3n de espacios<br>naturales protegidos como oportunidad econ\u00f3mica.<\/p>\n\n\n\n<p class=\"has-light-gray-background-color has-background\">6. Priorizar la sequ\u00eda y los incendios forestales en la agenda p\u00fablica, al ser estos los<br>problemas medioambientales que m\u00e1s preocupan a todos los espa\u00f1oles,<br>especialmente a la Espa\u00f1a rural.<\/p>\n\n\n\n<p class=\"has-light-gray-background-color has-background\">7. Dise\u00f1ar pol\u00edticas clim\u00e1ticas que no culpabilicen al sector agr\u00edcola, pues ese sector<br>es, y as\u00ed lo percibe la mayor\u00eda, v\u00edctima no causante clave del cambio clim\u00e1tico.<\/p>\n\n\n\n<p class=\"has-light-gray-background-color has-background\">8. Evitar debates centrados en la ideolog\u00eda del decrecimiento y el antinatalismo que<br>son contraproducentes para obtener respaldo social amplio en la lucha contra el<br>cambio clim\u00e1tico<\/p>\n\n\n\n<p class=\"has-light-gray-background-color has-background\">9. Evitar ahondar en la caza como parte del debate clim\u00e1tico dada su poca relaci\u00f3n<br>con el efecto invernadero y la polarizaci\u00f3n que puede llegar generar entre campo y<br>ciudad.<\/p>\n\n\n\n<p class=\"has-medium-font-size\"><strong>Mis conclusiones<\/strong><\/p>\n\n\n\n<p>Creo que este informe es altamente informativo, y un trabajo de referencia.<\/p>\n\n\n\n<p>Lo miro desde mi propio inter\u00e9s: que candidatos ecologistas aumenten su apoyo en la Espa\u00f1a rural. Desde esa perspectiva, se podr\u00edan priorizar algunos temas y despriorizar otros.<\/p>\n\n\n\n<p><strong><span style=\"text-decoration: underline;\">A despriorizar<\/span><\/strong><\/p>\n\n\n\n<ul>\n<li>Enfrentar el negacionismo clim\u00e1tico. Hoy en d\u00eda no es un problema social en Espa\u00f1a, por mucho que haya bocachanclas cuestion\u00e1ndolo en p\u00fablico. No merece la pena enfocarse ah\u00ed.<\/li>\n\n\n\n<li>No insistir en el decrecimiento. A nivel local o regional creo que esto no ser\u00eda un problema pr\u00e1ctico, pero s\u00ed ser\u00eda un problema emocional.<\/li>\n\n\n\n<li>Como emocional ser\u00eda el &#8220;evitar ahondar en la caza&#8221;. Personalmente, desde mi posici\u00f3n de urbanita, la caza me genera sentimientos muy fuertes de oposici\u00f3n. Si yo fuese el candidato rural iba a pasarlo mal call\u00e1ndome sobre ese tema.<\/li>\n<\/ul>\n\n\n\n<p><strong><span style=\"text-decoration: underline;\">En el medio<\/span><\/strong><\/p>\n\n\n\n<ul>\n<li>Macrogranjas. Malas para la sostenibilidad, buenas para el bolsillo.<\/li>\n\n\n\n<li>Biodiversidad. Un gran problema global, pero que en el medio rural parecen no compartir.<\/li>\n<\/ul>\n\n\n\n<p><strong><span style=\"text-decoration: underline;\">A priorizar<\/span><\/strong><\/p>\n\n\n\n<p>Hay muchas oportunidads. El estudio identifica muchos temas bien trabajados por los ecologistas que tienen un gran potencial para recibir apoyos en las zonas rurales.<\/p>\n\n\n\n<ul>\n<li>Sequ\u00eda<\/li>\n\n\n\n<li>Incendios forestales<\/li>\n\n\n\n<li>Impacto positivo de las renovables<\/li>\n\n\n\n<li>Impacto positivo de los espacios naturales<\/li>\n<\/ul>\n\n\n\n<p>A la vista de este estudio, un candidato ecologista local que hable de estos temas podr\u00eda recabar apoyos en la Espa\u00f1a rural.<\/p>\n\n\n\n<p>En pen\u00faltimo lugar se\u00f1alo los <strong>precios<\/strong> de los productos rurales. Es un problema sin resolver, y la distribuci\u00f3n directa productor-consumidor no consigue reducir la necesidad de intermediarios. Desconozco si aqu\u00ed hay una propuesta claramente &#8220;verde&#8221;, pero s\u00ed que veo la oportunidad de que candidatos de izquierda verde se posicionen, ante una posible par\u00e1lisis de los de centro-derecha, en posible conflicto entre defender los intereses de los agricultores o de las empresas interemediarias.<\/p>\n\n\n\n<p>Por \u00faltimo, y enlazando con la primera frase extra\u00edda del informe: escuchar. La pol\u00edtica es demasiadas veces un ejercicio de decirle a la gente lo que tiene que hacer, pensar, consumir, o votar. La Espa\u00f1a rural se considera marginada en este debate. As\u00ed que el primer paso de cualquier candidato ecologista que se precie es ponerse a preguntar a la gente cual es su opini\u00f3n, a <strong>escuchar<\/strong> lo que tienen que decir, y a integrar a la Espa\u00f1a Rural en la toma de decisiones.<\/p>\n\n\n\n<p>Si has llegado leyendo hasta aqu\u00ed, \u00bft\u00fa c\u00f3mo lo ves?<\/p>\n","protected":false},"excerpt":{"rendered":"<p>La asociaci\u00f3n #OIKOS ha publicado el informe &#8220;Vaciada \u00bfy verde? Actitudes de la Espa\u00f1a rural ante el #CambioClim\u00e1tico y el #ecologismo&#8220;. \u00bfQu\u00e9 pueden aprender de \u00e9l quienes quieren ser candidatas y candidatos ecologistas en la #Espa\u00f1aRural? Aqu\u00ed va mi resumen del informe y mis conclusiones. OIKOS OIKOS es un think-tank que aborda la ecolog\u00eda desde [&hellip;]<\/p>\n","protected":false},"author":2,"featured_media":0,"comment_status":"open","ping_status":"open","sticky":false,"template":"","format":"standard","meta":{"_s2mail":"","jetpack_publicize_message":"","jetpack_is_tweetstorm":false,"jetpack_publicize_feature_enabled":true,"jetpack_social_post_already_shared":true,"jetpack_social_options":{"image_generator_settings":{"template":"highway","enabled":false}}},"categories":[486,475],"tags":[488,491,189,179,487,490],"jetpack_publicize_connections":[],"_links":{"self":[{"href":"https:\/\/www.rafafont.eu\/blog\/wp-json\/wp\/v2\/posts\/829"}],"collection":[{"href":"https:\/\/www.rafafont.eu\/blog\/wp-json\/wp\/v2\/posts"}],"about":[{"href":"https:\/\/www.rafafont.eu\/blog\/wp-json\/wp\/v2\/types\/post"}],"author":[{"embeddable":true,"href":"https:\/\/www.rafafont.eu\/blog\/wp-json\/wp\/v2\/users\/2"}],"replies":[{"embeddable":true,"href":"https:\/\/www.rafafont.eu\/blog\/wp-json\/wp\/v2\/comments?post=829"}],"version-history":[{"count":3,"href":"https:\/\/www.rafafont.eu\/blog\/wp-json\/wp\/v2\/posts\/829\/revisions"}],"predecessor-version":[{"id":833,"href":"https:\/\/www.rafafont.eu\/blog\/wp-json\/wp\/v2\/posts\/829\/revisions\/833"}],"wp:attachment":[{"href":"https:\/\/www.rafafont.eu\/blog\/wp-json\/wp\/v2\/media?parent=829"}],"wp:term":[{"taxonomy":"category","embeddable":true,"href":"https:\/\/www.rafafont.eu\/blog\/wp-json\/wp\/v2\/categories?post=829"},{"taxonomy":"post_tag","embeddable":true,"href":"https:\/\/www.rafafont.eu\/blog\/wp-json\/wp\/v2\/tags?post=829"}],"curies":[{"name":"wp","href":"https:\/\/api.w.org\/{rel}","templated":true}]}}