{"id":825,"date":"2022-12-24T01:44:28","date_gmt":"2022-12-24T00:44:28","guid":{"rendered":"https:\/\/www.rafafont.eu\/blog\/?p=825"},"modified":"2022-12-24T01:51:32","modified_gmt":"2022-12-24T00:51:32","slug":"los_de_la_acera_a_la_carretera","status":"publish","type":"post","link":"https:\/\/www.rafafont.eu\/blog\/los_de_la_acera_a_la_carretera\/","title":{"rendered":"\u00a1Los de la acera, a la carretera!"},"content":{"rendered":"\n<p><strong>Caminando por el medio de la calle<\/strong><\/p>\n\n\n\n<p>Es casi medianoche. Vuelvo a casa despu\u00e9s de haber tomado una copa. La acera es estrecha, hay un andamio, un charco, viene gente de frente&#8230; Decido pasar por en medio de la calle. No pasan coches. Siento un cosquilleo.<\/p>\n\n\n\n<p>Que sensaci\u00f3n tan poco habitual. Veo la calle desde el centro. En vez de mirar hacia abajo, como cuando camino apurado, miro hacia arriba, veo los edificios de cuatro y cinco plantas alrededor, y me detengo a disfrutar del momento.<\/p>\n\n\n\n<p>Vienen unas luces en frente, me pitan, me bajo de la nube y vuelvo a mi lugar. A una acera de apenas metro y medio en una calle que tiene veinte metros de ancho. A mi sitio, a donde pertenezco como reba\u00f1o, como peat\u00f3n.<\/p>\n\n\n\n<p>Pocos metros m\u00e1s adelante la calle entera es peatonal y puedo recuperar mi lugar en el centro. Miro atr\u00e1s, como si hubiese saltado no s\u00f3lo de calle sino de siglo. Y me digo &#8220;<em>Es posible. Fue posible. Alguien, una vez, decidi\u00f3 que esta calle ya no ser\u00eda m\u00e1s para los coches, sino para los peatones&#8221;<\/em>.<\/p>\n\n\n\n<p>\u00bfY por qu\u00e9 no la calle siguiente? \u00bfQu\u00e9 sortilegio se activa para que una persona sola no pueda ocupar el centro de la calle, pero cuando monta en el caballo de hierro gane autom\u00e1ticamente&nbsp; el derecho de avasallar a quien por en medio se cruce? Al final, es una convenci\u00f3n social.<\/p>\n\n\n\n<p>A golpe de convenci\u00f3n social el coche se hizo con todo el terreno. El culmen fue crear aparcamientos en la superficie de las plazas centrales. Poco a poco, en algunas ciudades, se va ganando poco a poco el terreno de vuelta. Como peat\u00f3n no contamino, no exijo caras infraestructuras, no preciso que el poder p\u00fablico me subvencione un aparcamiento en la v\u00eda p\u00fablica donde estacionar mi veh\u00edculo 23 horas de cada 24. Tengo derecho.<\/p>\n\n\n\n<p><strong>\u00bfRespetar el sem\u00e1foro en rojo? Les estamos educando mal<\/strong><\/p>\n\n\n\n<p>Desde que tengo ni\u00f1as peque\u00f1as cruzo mucho menos sem\u00e1foros en rojo. Es m\u00e1s, cuando veo que hay ni\u00f1os peque\u00f1os alrededor, aunque no sean los m\u00edos, me detengo delante del sem\u00e1foro y aunque no se vea ning\u00fan coche en kil\u00f3metros a la redonda, espero a que el se\u00f1or verde se ponga a caminar para hacerlo yo con \u00e9l. Hay que evitar dar mal ejemplo: &#8220;<em>Pap\u00e1, \u00bfpor qu\u00e9 aquel se\u00f1or est\u00e1 cruzando en rojo si tu dices que no se puede?<\/em>&#8220;<\/p>\n\n\n\n<p>Pero despu\u00e9s de mi epifan\u00eda en medio de la calle me pregunto si no estaremos educ\u00e1ndolos mal. Si no estaremos perpetuando la idea de que la calle es de los coches, y no de las personas. Los ni\u00f1os piensan que las cosas que les ense\u00f1as han sido siempre as\u00ed. Quiz\u00e1 haya que ense\u00f1arles otra cosa.<\/p>\n\n\n\n<p>Mido dos metros y eso ayuda a cruzar pasos de cebra. Los coches me ven, y cuando no hay sem\u00e1foro, puedo poner la primera pierna en el blanco\/negro del asfalto sabiendo que el conductor me ha visto y va a parar. Puedo defender mi espacio sin siquiera pararme a mirar al coche, o de hacerlo, soltar una mirada condescendiente o una mueca agria porque ha frenado demasiado tarde. Estos locos bajitos no tienen esa capacidad y ser\u00eda una locura llevarles a ello. Antes de poder pelear por su espacio urbano tienen que poder defenderse seguramente en \u00e9l.<\/p>\n\n\n\n<p>Pero no puedo dejar de pensar en que quiz\u00e1 haya que ense\u00f1arles a cruzar en rojo. A sacarle el dedo al conductor. A que piensen que la calle es de todos, suya tambi\u00e9n, y da igual que est\u00e9 asfaltada que adoquinada, su derecho de uso es igual. A ser peatones orgullosos.<\/p>\n\n\n\n<p><strong>Rompiendo la convenci\u00f3n social<\/strong><\/p>\n\n\n\n<p>Tras la breve zona peatonal, segu\u00ed caminando por en medio de la carretera. Pero ahora todo hab\u00eda cambiado. Ya no sent\u00eda esa sensaci\u00f3n de novedad, de breve placer por tocar un espacio desconocido. Ahora me sent\u00eda con derecho de caminar por el medio, de enfrentarme a los coches que ven\u00edan de frente, de hacerles pensar &#8220;pero d\u00f3nde va este loco caminando por en medio, desafiando la convenci\u00f3n de que la carretera es para el coche y el peat\u00f3n debe hacinarse en estrechas aceras&#8221;.<\/p>\n\n\n\n<p>Claro, es f\u00e1cil para mi. He venido a casa de vacaciones dejando mi coche en el parking del aeropuerto de salida, y no me queda otra que ser peat\u00f3n. Quiz\u00e1 lo viese de forma diferente si fuese al volante. Al fin y al cabo, somos las mismas personas que durante la ma\u00f1ana paseamos por la acera y durante la tarde salimos a comprar en coche. S\u00f3lo cambia el contexto y nuestra posici\u00f3n relativa pre- o post- volante.<\/p>\n\n\n\n<p>Pero algo dentro de m\u00ed ha hecho clic. La atracci\u00f3n por ir por el pu\u00f1etero medio de la carretera va a ser muy fuerte en los pr\u00f3ximos d\u00edas. Por en medio de MI carretera, por en medio de MI espacio p\u00fablico y de MI ciudad.<\/p>\n\n\n\n<p><strong>\u00a1Los de la acera&#8230;<\/strong><\/p>\n\n\n\n<p><em>Flashback<\/em>. Oviedo, a\u00f1o 2002 o aleda\u00f1os. Los alumnos de la Escuela de Inform\u00e1tica de Oviedo bajamos en manifestaci\u00f3n al rectorado reclamando calidad docente. Somos un poco pardillos y estamos poco bregados en estas lides. Bajamos por la acera. Nos paramos en los sem\u00e1foros. Somos la manifestaci\u00f3n m\u00e1s educada que haya visto el movimiento estudiantil, hasta el punto de dar un poco de verg\u00fcenza ajena. S\u00f3lo al final del Campo San Francisco, a apenas doscientos metros del tramo peatonal que nos llevar\u00e1 al rectorado, conseguimos los puntos de madurez necesarios para saltar<\/p>\n\n\n\n<p><strong>&#8230; A LA CARRETERA!<\/strong><\/p>\n\n\n\n<figure class=\"wp-block-image size-full\"><a href=\"https:\/\/www.rafafont.eu\/blog\/wp-content\/uploads\/2022\/12\/manifa14nov_192.jpg\"><img decoding=\"async\" loading=\"lazy\" width=\"774\" height=\"543\" src=\"https:\/\/www.rafafont.eu\/blog\/wp-content\/uploads\/2022\/12\/manifa14nov_192.jpg\" alt=\"\" class=\"wp-image-826\" srcset=\"https:\/\/www.rafafont.eu\/blog\/wp-content\/uploads\/2022\/12\/manifa14nov_192.jpg 774w, https:\/\/www.rafafont.eu\/blog\/wp-content\/uploads\/2022\/12\/manifa14nov_192-620x435.jpg 620w, https:\/\/www.rafafont.eu\/blog\/wp-content\/uploads\/2022\/12\/manifa14nov_192-768x539.jpg 768w, https:\/\/www.rafafont.eu\/blog\/wp-content\/uploads\/2022\/12\/manifa14nov_192-624x438.jpg 624w\" sizes=\"(max-width: 774px) 100vw, 774px\" \/><\/a><\/figure>\n","protected":false},"excerpt":{"rendered":"<p>Caminando por el medio de la calle Es casi medianoche. Vuelvo a casa despu\u00e9s de haber tomado una copa. La acera es estrecha, hay un andamio, un charco, viene gente de frente&#8230; Decido pasar por en medio de la calle. No pasan coches. Siento un cosquilleo. Que sensaci\u00f3n tan poco habitual. Veo la calle desde [&hellip;]<\/p>\n","protected":false},"author":2,"featured_media":0,"comment_status":"open","ping_status":"open","sticky":false,"template":"","format":"standard","meta":{"_s2mail":"yes","jetpack_publicize_message":"","jetpack_is_tweetstorm":false,"jetpack_publicize_feature_enabled":true,"jetpack_social_post_already_shared":false,"jetpack_social_options":{"image_generator_settings":{"template":"highway","enabled":false}}},"categories":[82,478,485],"tags":[],"jetpack_publicize_connections":[],"_links":{"self":[{"href":"https:\/\/www.rafafont.eu\/blog\/wp-json\/wp\/v2\/posts\/825"}],"collection":[{"href":"https:\/\/www.rafafont.eu\/blog\/wp-json\/wp\/v2\/posts"}],"about":[{"href":"https:\/\/www.rafafont.eu\/blog\/wp-json\/wp\/v2\/types\/post"}],"author":[{"embeddable":true,"href":"https:\/\/www.rafafont.eu\/blog\/wp-json\/wp\/v2\/users\/2"}],"replies":[{"embeddable":true,"href":"https:\/\/www.rafafont.eu\/blog\/wp-json\/wp\/v2\/comments?post=825"}],"version-history":[{"count":1,"href":"https:\/\/www.rafafont.eu\/blog\/wp-json\/wp\/v2\/posts\/825\/revisions"}],"predecessor-version":[{"id":827,"href":"https:\/\/www.rafafont.eu\/blog\/wp-json\/wp\/v2\/posts\/825\/revisions\/827"}],"wp:attachment":[{"href":"https:\/\/www.rafafont.eu\/blog\/wp-json\/wp\/v2\/media?parent=825"}],"wp:term":[{"taxonomy":"category","embeddable":true,"href":"https:\/\/www.rafafont.eu\/blog\/wp-json\/wp\/v2\/categories?post=825"},{"taxonomy":"post_tag","embeddable":true,"href":"https:\/\/www.rafafont.eu\/blog\/wp-json\/wp\/v2\/tags?post=825"}],"curies":[{"name":"wp","href":"https:\/\/api.w.org\/{rel}","templated":true}]}}