{"id":710,"date":"2016-11-05T23:59:11","date_gmt":"2016-11-05T22:59:11","guid":{"rendered":"http:\/\/www.rafafont.eu\/blog\/?p=710"},"modified":"2016-11-06T15:07:33","modified_gmt":"2016-11-06T14:07:33","slug":"puede-la-actividad-en-twitter-predecir-quienes-seran-co-portavoces-de-equo","status":"publish","type":"post","link":"https:\/\/www.rafafont.eu\/blog\/puede-la-actividad-en-twitter-predecir-quienes-seran-co-portavoces-de-equo\/","title":{"rendered":"\u00bfPuede la actividad en Twitter predecir quienes ser\u00e1n co-portavoces de EQUO?"},"content":{"rendered":"<p>En anteriores elecciones encontr\u00e9 una f\u00f3rmula que, aplicada a la actividad en Twitter, aproximaba bastante bien los resultados: &#8220;<em>n\u00famero de interacciones con una candidata + n\u00famero de personas diferentes que interactuaron con ella + el doble del n\u00famero de interacciones en las \u00faltimas dos semanas&#8221;<\/em>. Para recoger datos en esta campa\u00f1a he vuelto a usar <a href=\"https:\/\/www.tweetbinder.com\">Tweetbinder<\/a>, centr\u00e1ndome en las candidatas a co-portavoz y en la actividad alrededor de los hashtags de campa\u00f1a (#Equo2p0 y #EQUOenAccion).<\/p>\n<p>Aplicando la f\u00f3rmula el resultado ser\u00eda que <strong>Rosa Mart\u00ednez y Juantxo Uralde<\/strong> ser\u00edan elegidos co-portavoces con holgura, y que en el duelo de hashtags ganar\u00eda <strong>#EQUOenAccion<\/strong>.<\/p>\n<p>\u00bfSer\u00eda extrapolable el resultado del hashtag a todas las candidatas del equipo? Para intentar contestar a esta pregunta busco otros datos:<\/p>\n<p>&#8211; N\u00famero de interacciones de las candidatas bajo el hashtag de su equipo. Si \u00e9ste fuese el criterio, los elegidos para la CEF ser\u00edan por este orden: Beatriz del Hoyo, Roberto Carro, Alejandro Aguilar, Pilar Calvo, Jon Ruiz de Infante, Alberto de los R\u00edos, Pepe Larios, Carmen Molina, Sindo Rub\u00edn. Sale una mayor\u00eda de #EQUOenAccion (6 contra 3) y para el resto de puestos no tengo datos.<\/p>\n<p>&#8211; N\u00famero de seguidores de los candidatos en Twitter. Si \u00e9ste fuese el criterio, ser\u00edan elegidos por este orden: M\u00f3nika Monteagudo, Pepe Larios, Pablo Aldama, Roberto Carro, Alberto de los R\u00edos, Carmen Ibarlucea, Beatriz del Hoyo, Jon Ruiz de Infante, Antonio Ortiz, Carmen Molina, Mateo Quir\u00f3s, Alejandro Aguilar, Ana Gallardo, David Marzo. 7 #EQUOenAccion, 5 #Equo2p0 , 2 independientes.<\/p>\n<p>A la falta de datos comparables con otras elecciones hay que a\u00f1adir otros dos aspectos relevantes:<\/p>\n<p>&#8211; El efecto Uralde. Juantxo cuenta con m\u00e1s de 66.000 seguidores, unas 7 veces m\u00e1s que Florent. Debido a su relevancia fuera de la organizaci\u00f3n sus interacciones pueden no equivaler a apoyos internos, pero no tengo forma de diferenciarlos. La actividad de Juantxo proyecta a todo el equipo #EQUOenAccion, y an\u00e1logamente la de Rosa y Florent a #Equo2p0, pero no puedo definir hasta qu\u00e9 punto eso se transforma en votos para las candidatas individuales .<\/p>\n<p>&#8211; El universo Facebook. Este an\u00e1lisis parte de la premisa de que la realidad se refleja m\u00e1s o menos correctamente en Twitter. Y lo que refleja es una ventaja de #EQUOenAccion. En Facebook, sin embargo, tengo la sensaci\u00f3n de que es #Equo2p0 quien tiene ventaja, pero no tengo herramientas que puedan medirlo.<\/p>\n<p>En resumen: muchas incertidumbres. Aplicando la f\u00f3rmula: Uralde y Mart\u00ednez repiten, y #EQUOenAccion obtiene mayor\u00eda en la CEF. \u00a1Suerte a todas!<\/p>\n<p><a href=\"https:\/\/www.tweetbinder.com\/rs\/GFTgdhb6V9r\">An\u00e1lisis Tweetbinder de #EQUOenAccion, @juralde y @martasalamanca2<\/a><br \/>\n<a href=\"https:\/\/www.tweetbinder.com\/rs\/AivfRxH1Qp9\">An\u00e1lisis Tweetbinder de #Equo2p0, @RosaM_Equo y @fmarcellesi<\/a><\/p>\n<p><strong>Actualizaci\u00f3n 06\/11:<\/strong><\/p>\n<p>Aciertos:<\/p>\n<ul>\n<li>Rosa y Juantxo elegidos co-portavoces.<\/li>\n<li>Rosa elegida con holgura<\/li>\n<li>Mayor\u00eda de #EquoenAccion sobre #Equo2p0 (7 a 6)<\/li>\n<li>Alto n\u00famero de interacciones correspondido con elecci\u00f3n: Beatriz del Hoyo, Alejandro Aguilar, \u00a0Pilar Calvo, Pepe Larios.<\/li>\n<li>Alto n\u00famero de seguidores correspondido con elecci\u00f3n: M\u00f3nika Monteagudo, Pepe Larios, Carmen Ibarlucea, Beatriz del Hoyo, Mateo Quir\u00f3s, Alejandro Aguilar.<\/li>\n<\/ul>\n<p>Fallos:<\/p>\n<ul>\n<li>Juantxo elegido por la m\u00ednima, cuando la estimaci\u00f3n era con holgura<\/li>\n<li>Alto n\u00famero de interacciones no correspondido con elecci\u00f3n: Roberto Carro, Jon Ruiz de Infante, Alberto de los R\u00edos, Carmen Molina, Sindo Rub\u00edn.<\/li>\n<li>Alto n\u00famero de seguidores no correspondido con elecci\u00f3n: Pablo Aldama, Roberto Carro, Alberto de los R\u00edos, Jon Ruiz de Infante, Antonio Ortiz, Carmen Molina, Ana Gallardo, David Marzo.<\/li>\n<\/ul>\n<p>Conclusiones:<\/p>\n<ul>\n<li>Est\u00e1 bien haber acertado los co-portavoces aunque en el masculino podr\u00eda haber sido lo contrario.<\/li>\n<li>El alto n\u00famero de interacciones es la base para mis previsiones anteriores. En este caso no ha funcionado bien. Ha predicho 4 y fallado 5; un mono lo hubiese hecho mejor (al azar).<\/li>\n<li>El alto n\u00famero de seguidores NO era parte de la base de mis previsiones anteriores. En este caso predice 6 y falla 8. De nuevo, un mono lo hubiese hecho mejor. (En realidad ser\u00edan 6 aciertos y 6 fallos, porque le puse m\u00e1s miembros a la CEF de los que realmente tiene).<\/li>\n<li>En resumen: el seguimiento en Twitter parece acertar en t\u00e9rminos generales y fallar en aspectos concretos.<\/li>\n<\/ul>\n","protected":false},"excerpt":{"rendered":"<p>En anteriores elecciones encontr\u00e9 una f\u00f3rmula que, aplicada a la actividad en Twitter, aproximaba bastante bien los resultados: &#8220;n\u00famero de interacciones con una candidata + n\u00famero de personas diferentes que interactuaron con ella + el doble del n\u00famero de interacciones en las \u00faltimas dos semanas&#8221;. Para recoger datos en esta campa\u00f1a he vuelto a usar [&hellip;]<\/p>\n","protected":false},"author":2,"featured_media":0,"comment_status":"open","ping_status":"open","sticky":false,"template":"","format":"standard","meta":{"_s2mail":"yes","jetpack_publicize_message":"","jetpack_is_tweetstorm":false,"jetpack_publicize_feature_enabled":true,"jetpack_social_post_already_shared":false,"jetpack_social_options":{"image_generator_settings":{"template":"highway","enabled":false}}},"categories":[223,98,353],"tags":[463,465,464,364],"jetpack_publicize_connections":[],"_links":{"self":[{"href":"https:\/\/www.rafafont.eu\/blog\/wp-json\/wp\/v2\/posts\/710"}],"collection":[{"href":"https:\/\/www.rafafont.eu\/blog\/wp-json\/wp\/v2\/posts"}],"about":[{"href":"https:\/\/www.rafafont.eu\/blog\/wp-json\/wp\/v2\/types\/post"}],"author":[{"embeddable":true,"href":"https:\/\/www.rafafont.eu\/blog\/wp-json\/wp\/v2\/users\/2"}],"replies":[{"embeddable":true,"href":"https:\/\/www.rafafont.eu\/blog\/wp-json\/wp\/v2\/comments?post=710"}],"version-history":[{"count":4,"href":"https:\/\/www.rafafont.eu\/blog\/wp-json\/wp\/v2\/posts\/710\/revisions"}],"predecessor-version":[{"id":715,"href":"https:\/\/www.rafafont.eu\/blog\/wp-json\/wp\/v2\/posts\/710\/revisions\/715"}],"wp:attachment":[{"href":"https:\/\/www.rafafont.eu\/blog\/wp-json\/wp\/v2\/media?parent=710"}],"wp:term":[{"taxonomy":"category","embeddable":true,"href":"https:\/\/www.rafafont.eu\/blog\/wp-json\/wp\/v2\/categories?post=710"},{"taxonomy":"post_tag","embeddable":true,"href":"https:\/\/www.rafafont.eu\/blog\/wp-json\/wp\/v2\/tags?post=710"}],"curies":[{"name":"wp","href":"https:\/\/api.w.org\/{rel}","templated":true}]}}