{"id":642,"date":"2015-06-01T09:15:26","date_gmt":"2015-06-01T07:15:26","guid":{"rendered":"http:\/\/www.rafafont.eu\/blog\/?p=642"},"modified":"2015-06-01T10:04:36","modified_gmt":"2015-06-01T08:04:36","slug":"que-es-el-estado-islamico-un-evento-de-equo-bruselas","status":"publish","type":"post","link":"https:\/\/www.rafafont.eu\/blog\/que-es-el-estado-islamico-un-evento-de-equo-bruselas\/","title":{"rendered":"\u00bfQu\u00e9 es el Estado Isl\u00e1mico? &#8211; Un evento de EQUO Bruselas"},"content":{"rendered":"<p>El jueves 28\/5 Equo Bruselas y Die Gr\u00fcnen Br\u00fcssel reunimos a 90 personas en una <a href=\"https:\/\/www.facebook.com\/events\/482531071899756\/\">charla introductoria sobre el Estado Isl\u00e1mico<\/a> a cargo de dos expertos en Oriente Medio.<\/p>\n<p><a href=\"http:\/\/www.crisisgroup.org\/en\/about\/staff\/field\/mena\/hiltermann-joost.aspx\">Joost Hiltermann<\/a> pertenece al think tank &#8220;International Crisis Group&#8221;, dedicado al an\u00e1lisis y a la recomendaci\u00f3n pol\u00edtica acerca de conflictos por todo el mundo. Present\u00f3 la historia de ISIS, c\u00f3mo evoluciona desde Al-Qaeda y cuales son las diferencias. Para \u00e9l, el Estado Isl\u00e1mico es un movimiento m\u00e1s pol\u00edtico que religioso. Explic\u00f3 c\u00f3mo se nutri\u00f3 del fracaso del proceso de paz en Iraq, y c\u00f3mo se aprovecha de la debilidad del ej\u00e9rcito iraqu\u00ed. Hizo hincapi\u00e9 en el apoyo popular que tiene ISIS, y que por esa raz\u00f3n una acci\u00f3n militar por s\u00ed sola no podr\u00e1 resolver el problema: es necesaria una soluci\u00f3n pol\u00edtica.<\/p>\n<p><a href=\"http:\/\/www.doctorat.be\/files\/cv\/608.pdf\">Didier Leroy<\/a> es un acad\u00e9mico vinculado a la Universidad Libre de Bruselas y a la Academia Militar belga. Present\u00f3 la estructura de ISIS, con un liderazgo muy marcado en la persona de <a href=\"http:\/\/en.wikipedia.org\/wiki\/Abu_Bakr_al-Baghdadi\">Abu Bakr al-Baghdadi<\/a>, y a la vez con mucha independencia de acci\u00f3n por parte de los grupos locales. Explor\u00f3 el aspecto psicol\u00f3gico de quienes se unen al Estado Isl\u00e1mico, en busca de una identidad. Se\u00f1al\u00f3 que la estrategia de ISIS est\u00e1 basada en la conquista territorial entre Baghdad y Damasco, y que no tienen inter\u00e9s en atentar en Occidente. Aunque si alg\u00fan terrorista solitario lo hace, para ISIS son puntos extra. Analiz\u00f3 la situaci\u00f3n pol\u00edtica de los pa\u00edses de la zona, que seg\u00fan \u00e9l tienen otros asuntos para ellos m\u00e1s importantes que ISIS.<\/p>\n<div style=\"width: 550px\" class=\"wp-caption aligncenter\"><a href=\"http:\/\/www.telegraph.co.uk\/news\/worldnews\/middleeast\/iraq\/11547430\/Bloody-battle-for-Iraq-develops-into-a-war-on-two-fronts.html\"><img decoding=\"async\" loading=\"lazy\" class=\"\" src=\"http:\/\/s.telegraph.co.uk\/graphics\/MobileSwitcher\/v2\/images\/1001-1429371471606627603.png\" alt=\"\" width=\"540\" height=\"300\" \/><\/a><p class=\"wp-caption-text\">Fuente: The Telegraph<\/p><\/div>\n<p>En la parte de ruegos y preguntas surgieron, por ejemplo, las siguientes:<em> \u00bfest\u00e1 el Estado Isl\u00e1mico camuflando gente en las pateras para llegar a Europa?<\/em> Probablemente no, porque podr\u00edan hacerlo en avi\u00f3n m\u00e1s c\u00f3modamente, como est\u00e1n haciendo los que viajan de Europa hacia Siria y vuelta. <em>\u00bfAlguna recomendaci\u00f3n sobre libros para informarse sobre el tema?<\/em> Al ser un tema muy novedoso no hay libros que lo traten en profundidad, tambi\u00e9n por la raz\u00f3n que apenas se deja a los investigadores realizar trabajo de campo. La sugerencia fue <strong>buscar a los periodistas de guerra<\/strong> que est\u00e1n asumiendo los riesgos de estar sobre el terreno y <a href=\"http:\/\/www.seguimosinformando.com\/articulos\/Estado%20Isl%C3%A1mico\/\">siguen informando<\/a>.<\/p>\n<div style=\"width: 574px\" class=\"wp-caption aligncenter\"><img decoding=\"async\" loading=\"lazy\" class=\"\" src=\"https:\/\/scontent-ams3-1.xx.fbcdn.net\/hphotos-xpa1\/t31.0-8\/11088752_1056651517698343_7798504476004993401_o.jpg\" alt=\"\" width=\"564\" height=\"423\" \/><p class=\"wp-caption-text\">Didier Leroy<\/p><\/div>\n<p>La sala estaba llena. Anunciamos el evento en Facebook y en dos d\u00edas ten\u00edamos m\u00e1s de 300 personas confirmadas. No enviamos recordatorios, ni hicimos promoci\u00f3n del evento por miedo a vernos desbordados. Ni los alemanes ni nosotros conoc\u00edamos a casi nadie de los asistentes, lo que indica que el evento logr\u00f3 salir por su propio inter\u00e9s del c\u00edrculo habitual de verdes en Bruselas. Si quer\u00edamos una forma de llegar m\u00e1s all\u00e1 de nuestras redes, parece que hemos encontrado un enfoque que funciona.<\/p>\n<p><img decoding=\"async\" loading=\"lazy\" class=\"aligncenter\" src=\"https:\/\/scontent-fra3-1.xx.fbcdn.net\/hphotos-xaf1\/v\/t1.0-9\/1907738_1056651527698342_3478424476726466566_n.jpg?oh=4b78180ebaad29e074b7f20589d3d3f2&amp;oe=560522C2\" alt=\"\" width=\"960\" height=\"720\" \/><\/p>\n<p>El tema parece salirse tambi\u00e9n de los m\u00e1s cl\u00e1sicos verdes, y sin embargo tiene muchos componentes que deben ser familiares para la ecolog\u00eda pol\u00edtica: es un tema global, afecta a la convivencia de varias culturas, hay varias minor\u00edas oprimidas, y la dependencia del petr\u00f3leo planea por encima de todo (por ejemplo como una v\u00eda de financiaci\u00f3n de ISIS). Los Verdes mundiales, europeos, y EQUO en particular hemos de desarrollar posicionamientos sobre la situaci\u00f3n en Siria e Iraq y el Estado Isl\u00e1mico. Quiz\u00e1 lo que nos falte sea un mejor conocimiento del tema.<\/p>\n<p>Llenamos la sala casi sin promoci\u00f3n, pero <strong>\u00bfes ese nuestro l\u00edmite de alcance?<\/strong> El evento sigui\u00f3 un modelo cl\u00e1sico: dos hablan, 90 escuchan, al final hay un turno limitado de ruegos y preguntas. Frente a este modelo, que apenas tiene impacto fuera de la sala, podr\u00edamos plantear darle la vuelta al guante y hacerlo hacia fuera: streaming, quiz\u00e1 menos gente en la sala pero equipados con sus ordenadores para replicar el contenido de la charla en las redes, introduciendo en el debate las preguntas desde Twitter, recogiendo preguntas con\u00a0el hashtag elegido, y con una lista de periodistas especializados invitados a seguir la retransmisi\u00f3n. Ah\u00ed quedan como ideas para el pr\u00f3ximo evento.<\/p>\n<p>PS: Dos periodistas que cubren este conflicto son <a href=\"https:\/\/twitter.com\/mikelayestaran\">Mikel Ayestar\u00e1n<\/a> y <a href=\"https:\/\/twitter.com\/APampliega\">Antonio Pampliega<\/a>.<\/p>\n","protected":false},"excerpt":{"rendered":"<p>El jueves 28\/5 Equo Bruselas y Die Gr\u00fcnen Br\u00fcssel reunimos a 90 personas en una charla introductoria sobre el Estado Isl\u00e1mico a cargo de dos expertos en Oriente Medio. Joost Hiltermann pertenece al think tank &#8220;International Crisis Group&#8221;, dedicado al an\u00e1lisis y a la recomendaci\u00f3n pol\u00edtica acerca de conflictos por todo el mundo. Present\u00f3 la [&hellip;]<\/p>\n","protected":false},"author":1,"featured_media":0,"comment_status":"open","ping_status":"open","sticky":false,"template":"","format":"standard","meta":{"_s2mail":"yes","jetpack_publicize_message":"","jetpack_is_tweetstorm":false,"jetpack_publicize_feature_enabled":true,"jetpack_social_post_already_shared":false,"jetpack_social_options":{"image_generator_settings":{"template":"highway","enabled":false}}},"categories":[183],"tags":[413,410,411,412],"jetpack_publicize_connections":[],"_links":{"self":[{"href":"https:\/\/www.rafafont.eu\/blog\/wp-json\/wp\/v2\/posts\/642"}],"collection":[{"href":"https:\/\/www.rafafont.eu\/blog\/wp-json\/wp\/v2\/posts"}],"about":[{"href":"https:\/\/www.rafafont.eu\/blog\/wp-json\/wp\/v2\/types\/post"}],"author":[{"embeddable":true,"href":"https:\/\/www.rafafont.eu\/blog\/wp-json\/wp\/v2\/users\/1"}],"replies":[{"embeddable":true,"href":"https:\/\/www.rafafont.eu\/blog\/wp-json\/wp\/v2\/comments?post=642"}],"version-history":[{"count":6,"href":"https:\/\/www.rafafont.eu\/blog\/wp-json\/wp\/v2\/posts\/642\/revisions"}],"predecessor-version":[{"id":648,"href":"https:\/\/www.rafafont.eu\/blog\/wp-json\/wp\/v2\/posts\/642\/revisions\/648"}],"wp:attachment":[{"href":"https:\/\/www.rafafont.eu\/blog\/wp-json\/wp\/v2\/media?parent=642"}],"wp:term":[{"taxonomy":"category","embeddable":true,"href":"https:\/\/www.rafafont.eu\/blog\/wp-json\/wp\/v2\/categories?post=642"},{"taxonomy":"post_tag","embeddable":true,"href":"https:\/\/www.rafafont.eu\/blog\/wp-json\/wp\/v2\/tags?post=642"}],"curies":[{"name":"wp","href":"https:\/\/api.w.org\/{rel}","templated":true}]}}