{"id":596,"date":"2014-05-24T14:11:13","date_gmt":"2014-05-24T12:11:13","guid":{"rendered":"http:\/\/www.rafafont.eu\/blog\/?p=596"},"modified":"2014-05-24T14:44:43","modified_gmt":"2014-05-24T12:44:43","slug":"todo-lo-que-ya-hemos-ganado","status":"publish","type":"post","link":"https:\/\/www.rafafont.eu\/blog\/todo-lo-que-ya-hemos-ganado\/","title":{"rendered":"Todo lo que ya hemos ganado"},"content":{"rendered":"<p>Mi voto por correo sali\u00f3 ayer as\u00ed que mientras conf\u00edo en que llegue a tiempo puedo pasar la jornada de reflexi\u00f3n con otros asuntos, saliendo del frenes\u00ed de campa\u00f1a y mirando atr\u00e1s. Resultados aparte, quiero valorar aspectos que nos refuerzan como organizaci\u00f3n. Tambi\u00e9n en esto hay que ser sostenible, <strong>no vale de nada crear estructuras de un solo uso,<\/strong> hay que crear cosas que se puedan usar durante mucho tiempo.<\/p>\n<p>Creo que nuestro activo m\u00e1s importante ha sido <strong>la &#8220;construcci\u00f3n&#8221; de candidatas<\/strong>. Gracias a las primarias ha salido a la luz gente con un gran potencial. Hace meses eran desconocidos, hoy nos maravilla oirles hablar y lo bien que expresan nuestras propias ideas. Quiero destacar a mis dos favoritas en este campo: Rosa Mart\u00ednez, directa, did\u00e1ctica (esc\u00fachala hablando sobre <a href=\"https:\/\/www.youtube.com\/watch?v=HvjHwHmm8wk\">quienes somos<\/a>) , y el valiente Guillermo Rodr\u00edguez a quien enviamos a <a href=\"http:\/\/www.publico.es\/521190\/debate-electoral-televisado-entre-partidos-que-concurren-a-las-europeas-en-publicotv\">los debates m\u00e1s complicados<\/a>. Muchas otras hab\u00e9is dado uno o varios pasos al frente, <a href=\"http:\/\/unete.partidoequo.es\/primarias\/\">conformando una estupenda lista de candidatas,<\/a>\u00a0y con vuestras tablas <strong>nos hac\u00e9is m\u00e1s fuertes a todas<\/strong>. Menci\u00f3n especial merece Florent, a quien creo que la campa\u00f1a le ha sentado muy bien (habla m\u00e1s despacio y es m\u00e1s incisivo). Ya era grande, y aun as\u00ed desde que decidi\u00f3 presentarse a las primarias le he visto crecer. <a href=\"http:\/\/youtu.be\/QlbyLJ3bmNs?t=8m\">Su intervenci\u00f3n en el Forum Nueva Econom\u00eda<\/a>\u00a0fue\u00a0para quitarse el sombrero, ese que ha popularizado en esta campa\u00f1a.<\/p>\n<p>Tambi\u00e9n <strong>hemos construido discurso<\/strong>. El que nos hagan preguntas dif\u00edciles significa que <strong>somos votables<\/strong>, que la gente quiere saber c\u00f3mo vamos a financiar lo que proponemos. Quiero destacar el rol del grupo de preparaci\u00f3n de Contenidos, que ha dado apoyo a las candidatas para preparar su actos, con argumentarios basados en el programa de EQUO y en el del Partido Verde Europeo, afinando nuestro discurso, respondiendo a preguntas dif\u00edciles e identificando de paso nuestros propios agujeros. La labor de este grupo no es crear contenidos nuevos, sino basarse en los existentes en el programa, cuya elaboraci\u00f3n ha sido coordinada por Sergio Aguilar y Cecilia Carballo, en <strong>uno de los (muchos) trabajazos de esta campa\u00f1a<\/strong>. Creo que este grupo deber\u00eda de seguir adelante y servir a nuestros co-portavoces, federales y territoriales, a preparar sus intervenciones p\u00fablicas.<\/p>\n<p>Con m\u00e1s gente mejor preparada y un discurso m\u00e1s atinado somos m\u00e1s fuertes que cuando empezamos este proceso. Cuando miro atr\u00e1s, en particular a la lastimosa y ca\u00f3tica situaci\u00f3n que vivimos hace 5 a\u00f1os quienes est\u00e1bamos regenerando el tejido verde en Espa\u00f1a y que nos oblig\u00f3 por decencia a no presentarnos a las europeas, el camino recorrido en este tiempo parece incre\u00edble. Por eso, sean cuales sean los resultados, ya hemos realizado un gran avance.<\/p>\n<p>Mi primera campa\u00f1a fue en el 99. Repartimos folletos en Avil\u00e9s durante 2 horas el viernes antes de las elecciones, eso fue todo, y obvtuvimos 500 votos. En 2003, con mucha m\u00e1s preparaci\u00f3n y una candidatura ciudana, sab\u00edamos que era dif\u00edcil sacar concejal, pero al menos esper\u00e1bamos triplicar votos. Obtuvimos 700. Elecci\u00f3n tras elecci\u00f3n he visto como nos dejamos llevar por los deseos, y a sobreestimar nuestras opciones en base al recibimiento positivo que tenemos en la calle. Por eso, con los pies en la tierra, asumo que los resultados nos dar\u00e1n 0\/1 esca\u00f1os. Cuidemos tambi\u00e9n nuestra moral, mantengamos la cabeza alta orgullosas por el trabajo realizado, y seamos conscientes de que <strong>el ecologismo pol\u00edtico en Espa\u00f1a nunca fue tan fuerte, nunca tuvo a tanta gente tan buena en sus filas ni un discurso tan bien construido<\/strong>. Que Primavera Europea obtenga un eurodiputado <del>ser\u00eda<\/del> ser\u00e1 un \u00e9xito hist\u00f3rico.<\/p>\n<p>No es descabellado pensar en <a href=\"http:\/\/www.eldiario.es\/zonacritica\/Ampliacion-campo-batalla_6_263233723.html\">un gran frente de partidos cr\u00edticos para las municipales<\/a>. Cada uno de esos potenciales compa\u00f1eros aportar\u00eda un valor a\u00f1adido, sea de m\u00e9todo, de ideas, o de capacidad de llegar a la gente. El nuestro ser\u00eda la ecolog\u00eda pol\u00edtica, un ideal que debemos preservar a la vez que compartir, sea cual sea nuestra apuesta electoral.<\/p>\n<p>Desde lejos, quiero agradecer a todas y cada una el esfuerzo realizado en esta campa\u00f1a. \u00a1Nos deseo toda la suerte el domingo y <strong>que se queden cortas todas las encuestas<\/strong>!<\/p>\n<p><em><strong>Editado 24\/5:\u00a0<\/strong>Despu\u00e9s de publicar este texto me doy cuenta de lo injusto que es citar a algunos pero no a todos. Tanta gente, en tantos sitios, durante tanto tiempo&#8230; He elegido a algunos que me parecen relevantes, y otros que han hecho un trabajo oscuro que me gustar\u00eda resaltar,\u00a0pero son s\u00f3lo unos entre cientos. Se que hay tambi\u00e9n, escondidos, muchos que tienen un m\u00e9rito especial. Prometo darles relevancia en cuanto tenga oportunidad.<\/em><\/p>\n","protected":false},"excerpt":{"rendered":"<p>Mi voto por correo sali\u00f3 ayer as\u00ed que mientras conf\u00edo en que llegue a tiempo puedo pasar la jornada de reflexi\u00f3n con otros asuntos, saliendo del frenes\u00ed de campa\u00f1a y mirando atr\u00e1s. Resultados aparte, quiero valorar aspectos que nos refuerzan como organizaci\u00f3n. Tambi\u00e9n en esto hay que ser sostenible, no vale de nada crear estructuras [&hellip;]<\/p>\n","protected":false},"author":2,"featured_media":0,"comment_status":"open","ping_status":"open","sticky":false,"template":"","format":"standard","meta":{"_s2mail":"yes","jetpack_publicize_message":"","jetpack_is_tweetstorm":false,"jetpack_publicize_feature_enabled":true,"jetpack_social_post_already_shared":false,"jetpack_social_options":{"image_generator_settings":{"template":"highway","enabled":false}}},"categories":[135,22],"tags":[381,384,59,380,383,382],"jetpack_publicize_connections":[],"_links":{"self":[{"href":"https:\/\/www.rafafont.eu\/blog\/wp-json\/wp\/v2\/posts\/596"}],"collection":[{"href":"https:\/\/www.rafafont.eu\/blog\/wp-json\/wp\/v2\/posts"}],"about":[{"href":"https:\/\/www.rafafont.eu\/blog\/wp-json\/wp\/v2\/types\/post"}],"author":[{"embeddable":true,"href":"https:\/\/www.rafafont.eu\/blog\/wp-json\/wp\/v2\/users\/2"}],"replies":[{"embeddable":true,"href":"https:\/\/www.rafafont.eu\/blog\/wp-json\/wp\/v2\/comments?post=596"}],"version-history":[{"count":7,"href":"https:\/\/www.rafafont.eu\/blog\/wp-json\/wp\/v2\/posts\/596\/revisions"}],"predecessor-version":[{"id":604,"href":"https:\/\/www.rafafont.eu\/blog\/wp-json\/wp\/v2\/posts\/596\/revisions\/604"}],"wp:attachment":[{"href":"https:\/\/www.rafafont.eu\/blog\/wp-json\/wp\/v2\/media?parent=596"}],"wp:term":[{"taxonomy":"category","embeddable":true,"href":"https:\/\/www.rafafont.eu\/blog\/wp-json\/wp\/v2\/categories?post=596"},{"taxonomy":"post_tag","embeddable":true,"href":"https:\/\/www.rafafont.eu\/blog\/wp-json\/wp\/v2\/tags?post=596"}],"curies":[{"name":"wp","href":"https:\/\/api.w.org\/{rel}","templated":true}]}}