{"id":584,"date":"2014-02-05T01:30:26","date_gmt":"2014-02-05T00:30:26","guid":{"rendered":"http:\/\/www.rafafont.eu\/blog\/?p=584"},"modified":"2014-02-05T01:30:26","modified_gmt":"2014-02-05T00:30:26","slug":"coca-cola-no-gracias-pongame-un-refresco-hecho-aqui","status":"publish","type":"post","link":"https:\/\/www.rafafont.eu\/blog\/coca-cola-no-gracias-pongame-un-refresco-hecho-aqui\/","title":{"rendered":"\u00bfCoca-cola? No, gracias. P\u00f3ngame un refresco hecho aqu\u00ed."},"content":{"rendered":"<p>Una protesta social que involucre a Coca-Cola ha de tener en cuenta que la compa\u00f1\u00eda lleva a\u00f1os en el punto de mira de muchas cr\u00edticas sociales y ambientales. No es novedad su inter\u00e9s por expulsar tribus ind\u00edgenas para hacerse con el control de fuentes de agua. Es uno de los actores principales en la privatizaci\u00f3n del agua en el mundo, y como multinacional no tiene ning\u00fan apego que no sea el maximizar beneficios.<\/p>\n<p><img decoding=\"async\" loading=\"lazy\" class=\"aligncenter\" alt=\"\" src=\"http:\/\/www.jhu.edu\/anthmedia\/Projects\/coke\/Coke\/images\/640_coca_cola_coke_india.jpg\" width=\"307\" height=\"241\" \/><\/p>\n<p>La propuesta es &#8220;<strong>no consum\u00e1is Coca-Cola<\/strong>&#8220;. \u00bfFuncionar\u00e1 cuando hemos dejado que la marca se cuele hasta el fondo de nuestras vidas? Creo que la protesta no tiene solidez cuando se piensa en qu\u00e9 ocurrir\u00eda si se solucionase el conflicto: \u00bfsaldr\u00edan los trabajadores a pedir que se volviese a consumir? Volver\u00edamos al inicio del problema.<\/p>\n<p>Tanto trabajadores como consumidores estamos atrapados en una l\u00f3gica perversa. Coca-Cola cerrar\u00e1 las f\u00e1bricas que considere necesarias porque lo manda el mercado, tarde o temprano. Si los trabajadores logran paralizar la producci\u00f3n, distribuci\u00f3n y consumo durante el tiempo suficiente tambi\u00e9n estar\u00e1n tirando piedras contra su propio tejado, dado que son los elementos que garantizan sus empleos.<\/p>\n<p>Hay soluciones, pero no pasan por un boicot parcial, ni por recuperar los empleos y volver a empezar como si no pasara nada. La soluci\u00f3n, en mi opini\u00f3n, ha de ser a largo plazo y tiene que atacar todos los frentes.<\/p>\n<p>&#8211; El del <strong>consumidor<\/strong>, ofreciendo una alternativa. El boicot demuestra que la gente tiene inter\u00e9s en buscar otro producto que tenga conciencia social. Un refresco m\u00e1s justo, m\u00e1s \u00e9tico.<\/p>\n<p>&#8211; El del <strong>emprendedurismo<\/strong>. Libr\u00e9monos de la multinacional, s\u00ed, pero no nos quedemos en un vac\u00edo. \u00bfAcaso no hay peque\u00f1as empresas y emprendedores dispuestos a ofrecer un refresco de cola local y a contratar a quienes echa Coca-Cola? \u00bfPodr\u00edan autoorganizarse los trabajadores y hacerse con la f\u00e1brica que se va a cerrar?<\/p>\n<p>&#8211; La soluci\u00f3n<strong> local<\/strong>. \u00bfPor qu\u00e9 seguimos empe\u00f1ados en echarnos en manos de las multinacionales, que no tienen ning\u00fan apego a otra cosa que el dinero? Apostemos por empresas peque\u00f1as de aqu\u00ed con quienes se puede establecer una relaci\u00f3n a medio y largo plazo sin la espada de Damocles de la deslocalizaci\u00f3n.<\/p>\n<p>A mi juicio, protestar para que todo vuelva a ser como antes no nos lleva a ning\u00fan sitio. Si queremos cambiar, debemos cambiarlo todo ofreciendo un modelo econ\u00f3mico que de cancha los emprendedores, un modelo de producci\u00f3n basado en lo local, y una alternativa al consumidor.<\/p>\n","protected":false},"excerpt":{"rendered":"<p>Una protesta social que involucre a Coca-Cola ha de tener en cuenta que la compa\u00f1\u00eda lleva a\u00f1os en el punto de mira de muchas cr\u00edticas sociales y ambientales. No es novedad su inter\u00e9s por expulsar tribus ind\u00edgenas para hacerse con el control de fuentes de agua. Es uno de los actores principales en la privatizaci\u00f3n [&hellip;]<\/p>\n","protected":false},"author":2,"featured_media":0,"comment_status":"open","ping_status":"open","sticky":false,"template":"","format":"standard","meta":{"_s2mail":"yes","jetpack_publicize_message":"","jetpack_is_tweetstorm":false,"jetpack_publicize_feature_enabled":true,"jetpack_social_post_already_shared":false,"jetpack_social_options":{"image_generator_settings":{"template":"highway","enabled":false}}},"categories":[264,263],"tags":[368,366,367,369,371,370],"jetpack_publicize_connections":[],"_links":{"self":[{"href":"https:\/\/www.rafafont.eu\/blog\/wp-json\/wp\/v2\/posts\/584"}],"collection":[{"href":"https:\/\/www.rafafont.eu\/blog\/wp-json\/wp\/v2\/posts"}],"about":[{"href":"https:\/\/www.rafafont.eu\/blog\/wp-json\/wp\/v2\/types\/post"}],"author":[{"embeddable":true,"href":"https:\/\/www.rafafont.eu\/blog\/wp-json\/wp\/v2\/users\/2"}],"replies":[{"embeddable":true,"href":"https:\/\/www.rafafont.eu\/blog\/wp-json\/wp\/v2\/comments?post=584"}],"version-history":[{"count":1,"href":"https:\/\/www.rafafont.eu\/blog\/wp-json\/wp\/v2\/posts\/584\/revisions"}],"predecessor-version":[{"id":585,"href":"https:\/\/www.rafafont.eu\/blog\/wp-json\/wp\/v2\/posts\/584\/revisions\/585"}],"wp:attachment":[{"href":"https:\/\/www.rafafont.eu\/blog\/wp-json\/wp\/v2\/media?parent=584"}],"wp:term":[{"taxonomy":"category","embeddable":true,"href":"https:\/\/www.rafafont.eu\/blog\/wp-json\/wp\/v2\/categories?post=584"},{"taxonomy":"post_tag","embeddable":true,"href":"https:\/\/www.rafafont.eu\/blog\/wp-json\/wp\/v2\/tags?post=584"}],"curies":[{"name":"wp","href":"https:\/\/api.w.org\/{rel}","templated":true}]}}