{"id":544,"date":"2013-09-30T09:15:39","date_gmt":"2013-09-30T07:15:39","guid":{"rendered":"http:\/\/www.rafafont.eu\/blog\/?p=544"},"modified":"2013-09-30T01:20:24","modified_gmt":"2013-09-29T23:20:24","slug":"como-optar-a-un-empleo-con-los-verdes-en-bruselas","status":"publish","type":"post","link":"https:\/\/www.rafafont.eu\/blog\/como-optar-a-un-empleo-con-los-verdes-en-bruselas\/","title":{"rendered":"C\u00f3mo optar a un empleo con los verdes en Bruselas"},"content":{"rendered":"<p>De vez en cuando doy publicidad a las ofertas de empleo del Partido Verde Europeo, y noto un inter\u00e9s creciente en ellas, probablemente por la situaci\u00f3n econ\u00f3mica espa\u00f1ola. Recopilo aqu\u00ed algunas ideas que considero \u00fatiles para aquellas personas que tengan inter\u00e9s en los temas verdes, quieran trabajar en ellos, y est\u00e9n dispuestas a desplazarse a Bruselas.<\/p>\n<p><strong>\u00bfC\u00f3mo enterarse de las ofertas de empleo?<\/strong><\/p>\n<p>Lo primero: revisando las p\u00e1ginas web donde se publican. El Partido Verde Europeo tiene esta p\u00e1gina de &#8220;<a href=\"http:\/\/europeangreens.eu\/vacancies\">Vacancies<\/a>&#8221; y el grupo parlamentario verde tiene \u00e9sta otra sobre &#8220;<a href=\"http:\/\/www.greens-efa.eu\/11-jobs.html\">Vacancies &amp; Internships<\/a>&#8220;.<\/p>\n<p>En los perfiles tanto del PVE como de VERDES\/ALE en las redes sociales no suelen aparecer estas ofertas. Pero quien s\u00ed suele publicarlas es <a href=\"https:\/\/www.facebook.com\/jacqueline.cremers.54?fref=ts\">Jacqueline Cremers, Secretaria General del PVE<\/a>. Por ejemplo la \u00faltima en la que dec\u00eda &#8220;<a href=\"https:\/\/www.facebook.com\/jacqueline.cremers.54\/posts\/638150086216608\">I am looking for an assistant&#8230;<\/a>&#8221;<\/p>\n<p><strong style=\"line-height: 1.714285714; font-size: 1rem;\">Imprescindible buen nivel de ingl\u00e9s<\/strong><\/p>\n<p>No vale el nivel &#8220;intermedio&#8221; que solemos poner en los CV espa\u00f1oles. El idioma de trabajo del PVE es el ingl\u00e9s. Hablar otros idiomas es un valor a\u00f1adido, pero secundario.<\/p>\n<p>Mi recomendaci\u00f3n para una persona que quiera optar a estos puestos pero no tenga un nivel de ingl\u00e9s alto es que lo asuma como una prioridad en su formaci\u00f3n. Que participe en clases, viajes, estancias, o lo que surja que mejor se adapte al presupuesto. En teor\u00eda el nivel m\u00ednimo ser\u00eda equivalente a un B2, aunque seg\u00fan lo que yo conozco, ese nivel ser\u00eda todav\u00eda insuficiente para poder llevar a cabo el trabajo en buenas condiciones.<\/p>\n<p><strong>Es necesario conocer bien tanto al PVE como al grupo VERDES\/ALE<\/strong><\/p>\n<p>La primera idea a retener es que son dos entidades diferentes.<\/p>\n<p>Por un lado, el <a href=\"http:\/\/europeangreens.eu\/\">PVE (EGP-European Green Party)<\/a> es un &#8220;partido de partidos&#8221; que agrupa a los partidos pol\u00edticos verdes europeos (y no s\u00f3lo de paises de la UE). Tiene una peque\u00f1a oficina en Bruselas, su ejecutiva se elige cada 2 a\u00f1os, y sus co-portavoces son <a href=\"https:\/\/twitter.com\/bueti\">B\u00fctikofer<\/a> y <a href=\"https:\/\/twitter.com\/monicafrassoni\">Frassoni<\/a>. Es &#8220;el partido&#8221;<\/p>\n<p>Por otro, el grupo <a href=\"http:\/\/www.greens-efa.eu\/\">VERDES\/ALE (GREENS\/EFA)<\/a> es el grupo parlamentario donde se integran los eurodiputados verdes y de otras formaciones afines. En contraposici\u00f3n a &#8220;el partido&#8221;, este es &#8220;el grupo&#8221;. Tiene 58 eurodiputados, 48 de los cuales son verdes, 7 son de la Alianza Libre Europea, 2 son Piratas, y 1 independiente. Sus co-portavoces son <a href=\"https:\/\/twitter.com\/danycohnbendit\">Cohn-Bendit<\/a> y <a href=\"https:\/\/twitter.com\/RebHarms\">Harms<\/a>. Su labor es principalmente parlamentaria. Comparativamente como organizaci\u00f3n son bastante m\u00e1s grandes que el PVE, tienen m\u00e1s empleados, y mucho m\u00e1s presupuesto.<\/p>\n<p>Cada organizaci\u00f3n trabaja en un \u00e1mbito, y sus ofertas de trabajo no tienen nada que ver. Es interesante seguir su actividad (por ejemplo a trav\u00e9s de las redes sociales) y seguir el trabajo que hacen.<\/p>\n<p>Como idea general, los puestos de trabajo del PVE son m\u00e1s &#8220;gen\u00e9ricos&#8221; (por ejemplo responsables de comunicaci\u00f3n, campa\u00f1as). Y los puestos de VERDES\/ALE son m\u00e1s especializados (por ejemplo, expertos en diferentes campos).<\/p>\n<p><strong>Se valora conocer EQUO y\/o ICV<\/strong><\/p>\n<p>En la actualidad el PVE no tiene a ning\u00fan espa\u00f1ol en n\u00f3mina. Aunque el PVE no busca tener equilibrio entre nacionalidades, s\u00ed que tiene un inter\u00e9s especial en los pa\u00edses m\u00e1s poblados en los que est\u00e1 haciendo esfuerzos para ayudar a los partidos verdes locales. Por tanto es factible que haya una oferta de trabajo en la que se pida hablar espa\u00f1ol, y conocer algo de los partidos miembros en Espa\u00f1a.<\/p>\n<p>Para quien no forma parte de un partido es complicado conocerlo. Pero para quien s\u00ed forma parte, no deber\u00eda de ser tan complicado. Creo que es interesante conocer un poco de la historia de EQUO, e incluso previa a la formaci\u00f3n de EQUO, y saber m\u00e1s o menos c\u00f3mo se mueve internamente, estar un poco al d\u00eda. Si hay alguien interesado en presentarse a estos puestos y no conoce la historia, que la pregunte. A mi, o a cualquier otra compa\u00f1era o representante dentro de EQUO, m\u00e1s cercana a las listas de correo donde se cuece el d\u00eda a d\u00eda de la organizaci\u00f3n.<\/p>\n<p><strong>Hay que estar dispuesto a vivir en Bruselas con un sueldo belga<\/strong><\/p>\n<p>Todos los empleos est\u00e1n basados en Bruselas.<\/p>\n<p>En el caso del PVE, los sueldos no suelen ser muy altos, y adem\u00e1s los impuestos belgas son muy elevados y se llevan casi la mitad del sueldo neto. Por ejemplo en el \u00faltimo publicado, de asistente a la Secretaria General, el sueldo eran 1.900 euros netos. Otras ofertas ten\u00edan mejores condiciones, pero no muy diferentes.<\/p>\n<p>En el caso del grupo parlamentario, las condiciones suelen ser bastante mejores, puesto que el sueldo va equiparado al del funcionariado europeo de un nivel similar. Pagan de impuestos el 16% del sueldo.<\/p>\n<p><strong>Una sugerencia para quien lo tenga claro<\/strong><\/p>\n<p>Una de las recomendaciones que m\u00e1s oigo para quien quiere destacar en un campo determinado con vistas a obtener un empleo es escribir un blog. Creo que es una buena sugerencia para reciclar y aplicar en este caso particular.<\/p>\n<p>Un blog, escrito en ingl\u00e9s, y que trate tanto pol\u00edtica verde europea, como temas de la pol\u00edtica verde espa\u00f1ola explicados a un p\u00fablico europeo, ser\u00eda una estupenda tarjeta de presentaci\u00f3n de cualquier persona que quiera optar a un puesto en estos \u00e1mbitos. \u00bfQuien se anima?<\/p>\n","protected":false},"excerpt":{"rendered":"<p>De vez en cuando doy publicidad a las ofertas de empleo del Partido Verde Europeo, y noto un inter\u00e9s creciente en ellas, probablemente por la situaci\u00f3n econ\u00f3mica espa\u00f1ola. Recopilo aqu\u00ed algunas ideas que considero \u00fatiles para aquellas personas que tengan inter\u00e9s en los temas verdes, quieran trabajar en ellos, y est\u00e9n dispuestas a desplazarse a [&hellip;]<\/p>\n","protected":false},"author":2,"featured_media":0,"comment_status":"open","ping_status":"open","sticky":false,"template":"","format":"standard","meta":{"_s2mail":"yes","jetpack_publicize_message":"","jetpack_is_tweetstorm":false,"jetpack_publicize_feature_enabled":true,"jetpack_social_post_already_shared":false,"jetpack_social_options":{"image_generator_settings":{"template":"highway","enabled":false}}},"categories":[163],"tags":[],"jetpack_publicize_connections":[],"_links":{"self":[{"href":"https:\/\/www.rafafont.eu\/blog\/wp-json\/wp\/v2\/posts\/544"}],"collection":[{"href":"https:\/\/www.rafafont.eu\/blog\/wp-json\/wp\/v2\/posts"}],"about":[{"href":"https:\/\/www.rafafont.eu\/blog\/wp-json\/wp\/v2\/types\/post"}],"author":[{"embeddable":true,"href":"https:\/\/www.rafafont.eu\/blog\/wp-json\/wp\/v2\/users\/2"}],"replies":[{"embeddable":true,"href":"https:\/\/www.rafafont.eu\/blog\/wp-json\/wp\/v2\/comments?post=544"}],"version-history":[{"count":5,"href":"https:\/\/www.rafafont.eu\/blog\/wp-json\/wp\/v2\/posts\/544\/revisions"}],"predecessor-version":[{"id":554,"href":"https:\/\/www.rafafont.eu\/blog\/wp-json\/wp\/v2\/posts\/544\/revisions\/554"}],"wp:attachment":[{"href":"https:\/\/www.rafafont.eu\/blog\/wp-json\/wp\/v2\/media?parent=544"}],"wp:term":[{"taxonomy":"category","embeddable":true,"href":"https:\/\/www.rafafont.eu\/blog\/wp-json\/wp\/v2\/categories?post=544"},{"taxonomy":"post_tag","embeddable":true,"href":"https:\/\/www.rafafont.eu\/blog\/wp-json\/wp\/v2\/tags?post=544"}],"curies":[{"name":"wp","href":"https:\/\/api.w.org\/{rel}","templated":true}]}}