{"id":376,"date":"2012-09-18T15:32:08","date_gmt":"2012-09-18T13:32:08","guid":{"rendered":"http:\/\/www.rafafont.eu\/blog\/?p=376"},"modified":"2012-09-20T17:35:20","modified_gmt":"2012-09-20T15:35:20","slug":"en-el-corazon-de-la-bicicleta-coordinando-grupos-de-trabajo","status":"publish","type":"post","link":"https:\/\/www.rafafont.eu\/blog\/en-el-corazon-de-la-bicicleta-coordinando-grupos-de-trabajo\/","title":{"rendered":"En el coraz\u00f3n de la bicicleta (coordinando grupos de trabajo)"},"content":{"rendered":"<p>Equo es una m\u00e1quina de hacer pol\u00edtica. Una m\u00e1quina que se mueve gracias al impulso de muchas ruedas, somos una bici-pol\u00edtica, una bici con muchas ruedas, un triciclo pol\u00edtico, un ciempi\u00e9s, un ciempi-ciclo.<\/p>\n<div id=\"attachment_377\" style=\"width: 520px\" class=\"wp-caption aligncenter\"><a href=\"https:\/\/www.rafafont.eu\/blog\/wp-content\/uploads\/2012\/09\/equobici.jpg\"><img aria-describedby=\"caption-attachment-377\" decoding=\"async\" loading=\"lazy\" class=\"size-full wp-image-377\" title=\"equobici\" src=\"https:\/\/www.rafafont.eu\/blog\/wp-content\/uploads\/2012\/09\/equobici.jpg\" alt=\"\" width=\"510\" height=\"340\" srcset=\"https:\/\/www.rafafont.eu\/blog\/wp-content\/uploads\/2012\/09\/equobici.jpg 510w, https:\/\/www.rafafont.eu\/blog\/wp-content\/uploads\/2012\/09\/equobici-300x200.jpg 300w, https:\/\/www.rafafont.eu\/blog\/wp-content\/uploads\/2012\/09\/equobici-450x300.jpg 450w\" sizes=\"(max-width: 510px) 100vw, 510px\" \/><\/a><p id=\"caption-attachment-377\" class=\"wp-caption-text\">En bici con Equo Asturies<\/p><\/div>\n<p>&#8220;<strong>Mientras sigamos pedaleando, seguiremos en pi\u00e9<\/strong>&#8220;, dec\u00eda alguien, seguramente <a href=\"https:\/\/www.facebook.com\/copercan\">Copercan<\/a>. Mientras giren las ruedas, avanzaremos. Equo est\u00e1 en el proceso de volver a poner en marcha sus grandes ruedas estatales, sus Grupos de Trabajo, que fueron responsables de nuestro programa electoral colaborativo. Una vez estabilizada la estructura interna, pasado el Congreso, y los agobios electorales (salvo para gallegos y vascos), es hora de darle impulso al ciempi-ciclo para coger velocidad de crucero.<\/p>\n<p>Las ruedas de las que nos fuimos dotando son nuestros Grupos de Trabajo estatales. Un grupo de trabajo permite discutir sobre un tema particular, vengas de donde vengas. El grupo funciona principalmente a trav\u00e9s de Internet, y se especializa en un asunto. Equo dispone de 17 grupos tem\u00e1ticos.<\/p>\n<p>Hasta el s\u00e1bado 22 est\u00e1n abiertas las candidaturas para coordinar los grupos. Pero, \u00bfqu\u00e9 se hace en la coordinaci\u00f3n de los grupos? Veamos.<\/p>\n<p><strong>\u00bfQu\u00e9 significa coordinar un grupo?<\/strong><\/p>\n<p><strong><em>Darle chispa<\/em><\/strong> &#8211; Lanzar debates, proponer temas, preguntarle a la gente por su opini\u00f3n, generar discusi\u00f3n.<\/p>\n<p style=\"padding-left: 30px;\"><em>&#8220;- He encontrado esta noticia que me ha parecido interesante cmpartir con vosotros, \u00bfqu\u00e9 os parece?\u00a0<\/em><\/p>\n<p style=\"padding-left: 30px;\"><em><a href=\"http:\/\/www.upc.edu\/saladepremsa\/informacio\/monografics\/tic-y-energia-conectividad-total?set_language=es\">El incremento del uso de las tecnolog\u00edas de la informaci\u00f3n y la comunicaci\u00f3n (TIC) ha implicado la necesidad de crear potentes centros de procesamiento de datos&#8230;<\/a><\/em><em>(Consuelo en la Equomunidad)&#8221;<\/em><\/p>\n<p><strong><em>Buscar el posicionamiento de Equo<\/em><\/strong> &#8211; \u00bfHay alg\u00fan tema sobre el que debi\u00e9ramos posicionarnos y a\u00fan no lo hemos hecho? Vamos a por ello.<\/p>\n<p style=\"padding-left: 30px;\"><em>Os presento un tema en el que creo que EQUO deber\u00eda posicionarse de forma clara y que creo que no habr\u00e1 ning\u00fan problema para entender que encaja perfectamente con sus objetivos y con la conciencia de los que simpatizamos con su l\u00ednea.<\/em><\/p>\n<p style=\"padding-left: 30px;\"><em>Es el tema de las Patentes de Software. Copio y pego un extracto de la informaci\u00f3n m\u00e1s detallada que pod\u00e9is encontrar en http:\/\/www.nosoftwarepatents.com (Antonio en la Equomunidad)<\/em><\/p>\n<p><strong><em>Buscar los consensos<\/em><\/strong> &#8211; La gente aportar\u00e1 diferentes puntos de vista, en ocasiones enfrentados, en otras complementarios. Hay que buscar enlazarlos, otras veces un t\u00e9rmino medio, y que pueda ser aceptado por todas.<\/p>\n<p style=\"padding-left: 30px;\"><em>&#8220;En respuesta al compromiso que adquir\u00ed con tod@s los que durante semanas hab\u00e9is ido sugiriendo multitud de propuestas para el desarrollo de la Democracia Interna en Equo y la Equomunidad.<\/em><\/p>\n<p style=\"padding-left: 30px;\"><em>Me ha parecido mejor presentaros un primer documento en formato wiki, a modo de \u201csemilla\u201d para que en plan \u201cLluvia de Ideas\u201d, vayamos a\u00f1adiendo, entre tod@s, todas las sugerencias que podamos encontrar porque se hayan vertido en la Red Social o que ahora se nos ocurran. (Jos\u00e9 Carlos en la Equomunidad)&#8221;<\/em><\/p>\n<p><em><strong>Apoyar en posicionamientos r\u00e1pidos<\/strong><\/em> &#8211; \u00bfHay un tema de actualidad que toca la tem\u00e1tica del grupo? A por \u00e9l.<\/p>\n<p style=\"padding-left: 30px;\"><em>Hola compa\u00f1eras:<\/em><\/p>\n<p style=\"padding-left: 30px;\"><em>Como sab\u00e9is, ya hemos sacado una nota de prensa sobre los 400 euros (pod\u00e9is leerla aqu\u00ed), pero vamos a sacar otra seguramente ma\u00f1ana, con propuestas. \u00bfNos ayud\u00e1is? (Carolina en la Equomunidad)<\/em><\/p>\n<p>Coordinar un grupo es estar en el coraz\u00f3n de la bicicleta, facilitando esa construcci\u00f3n de la Ecolog\u00eda Pol\u00edtica, creando el discurso de Equo, haciendo que todo el mundo participe. Pedaleando y haciendo pedealear. Para presentarte tienes que escribir en el grupo al que pertenezcas, \u00bfqu\u00e9 me dices?<\/p>\n<p><strong>Los 17 grupos tem\u00e1ticos<\/strong><\/p>\n<p>&#8211; <a href=\"http:\/\/www.equomunidad.org\/es\/grupo\/economia-verde\">Econom\u00eda Verde<\/a><br \/>\n&#8211; <a href=\"http:\/\/www.equomunidad.org\/es\/grupo\/democracia-real-participacion-y-reformas-politicas\">Democracia real, participaci\u00f3n, y reformas pol\u00edticas<\/a><br \/>\n&#8211; <a href=\"http:\/\/www.equomunidad.org\/es\/grupo\/derechos-de-los-animales\">Derechos de los animales<\/a><br \/>\n&#8211; <a href=\"http:\/\/www.equomunidad.org\/es\/grupo\/politicas-de-genero\">Pol\u00edticas de g\u00e9nero<\/a><br \/>\n&#8211; <a href=\"http:\/\/www.equomunidad.org\/es\/grupo\/cambio-climatico-y-energia\">Cambio clim\u00e1tico y energ\u00eda<\/a><br \/>\n&#8211; <a href=\"http:\/\/www.equomunidad.org\/es\/grupo\/educacion\">Educaci\u00f3n<\/a><br \/>\n&#8211; <a href=\"http:\/\/www.equomunidad.org\/es\/grupo\/internacional\">Internacional<\/a><br \/>\n&#8211; <a href=\"http:\/\/www.equomunidad.org\/es\/grupo\/derechos-sociales-e-integracion\">Derechos sociales e integraci\u00f3n<\/a><br \/>\n&#8211; <a href=\"http:\/\/www.equomunidad.org\/es\/grupo\/nueva-sociedad-de-la-informacion-y-el-conocimiento-sic\">Nueva sociedad de la informaci\u00f3n y el conocimiento<\/a><br \/>\n&#8211; <a href=\"http:\/\/www.equomunidad.org\/es\/grupo\/salud\">Salud<\/a><br \/>\n&#8211; <a href=\"http:\/\/www.equomunidad.org\/es\/grupo\/juventud\">Juventud<\/a><br \/>\n&#8211; <a href=\"http:\/\/www.equomunidad.org\/es\/grupo\/cultura\">Cultura<\/a><br \/>\n&#8211; <a href=\"http:\/\/www.equomunidad.org\/es\/grupo\/territorio-y-biodiversidad\">Territorio y Biodiversidad<\/a><br \/>\n&#8211; <a href=\"http:\/\/www.equomunidad.org\/es\/grupo\/medio-rural-y-agroecologia\">Medio Rural y Agroecolog\u00eda<\/a><br \/>\n&#8211; <a href=\"http:\/\/www.equomunidad.org\/es\/grupo\/equo-plus-politicas-para-mayores-por-mayores\">Mayores<\/a><br \/>\n&#8211; <a href=\"http:\/\/www.equomunidad.org\/es\/grupo\/produccion-limpia-contaminacion-y-residuos\">Producci\u00f3n limpia, contaminaci\u00f3n y residuos<\/a><br \/>\n&#8211; <a href=\"http:\/\/www.equomunidad.org\/es\/grupo\/agua\">Agua<\/a><\/p>\n","protected":false},"excerpt":{"rendered":"<p>Equo es una m\u00e1quina de hacer pol\u00edtica. Una m\u00e1quina que se mueve gracias al impulso de muchas ruedas, somos una bici-pol\u00edtica, una bici con muchas ruedas, un triciclo pol\u00edtico, un ciempi\u00e9s, un ciempi-ciclo. &#8220;Mientras sigamos pedaleando, seguiremos en pi\u00e9&#8220;, dec\u00eda alguien, seguramente Copercan. Mientras giren las ruedas, avanzaremos. Equo est\u00e1 en el proceso de volver [&hellip;]<\/p>\n","protected":false},"author":2,"featured_media":0,"comment_status":"open","ping_status":"open","sticky":false,"template":"","format":"standard","meta":{"_s2mail":"yes","jetpack_publicize_message":"","jetpack_is_tweetstorm":false,"jetpack_publicize_feature_enabled":true,"jetpack_social_post_already_shared":false,"jetpack_social_options":{"image_generator_settings":{"template":"highway","enabled":false}}},"categories":[256],"tags":[258,262,257,10,261,259,260,110],"jetpack_publicize_connections":[],"_links":{"self":[{"href":"https:\/\/www.rafafont.eu\/blog\/wp-json\/wp\/v2\/posts\/376"}],"collection":[{"href":"https:\/\/www.rafafont.eu\/blog\/wp-json\/wp\/v2\/posts"}],"about":[{"href":"https:\/\/www.rafafont.eu\/blog\/wp-json\/wp\/v2\/types\/post"}],"author":[{"embeddable":true,"href":"https:\/\/www.rafafont.eu\/blog\/wp-json\/wp\/v2\/users\/2"}],"replies":[{"embeddable":true,"href":"https:\/\/www.rafafont.eu\/blog\/wp-json\/wp\/v2\/comments?post=376"}],"version-history":[{"count":6,"href":"https:\/\/www.rafafont.eu\/blog\/wp-json\/wp\/v2\/posts\/376\/revisions"}],"predecessor-version":[{"id":385,"href":"https:\/\/www.rafafont.eu\/blog\/wp-json\/wp\/v2\/posts\/376\/revisions\/385"}],"wp:attachment":[{"href":"https:\/\/www.rafafont.eu\/blog\/wp-json\/wp\/v2\/media?parent=376"}],"wp:term":[{"taxonomy":"category","embeddable":true,"href":"https:\/\/www.rafafont.eu\/blog\/wp-json\/wp\/v2\/categories?post=376"},{"taxonomy":"post_tag","embeddable":true,"href":"https:\/\/www.rafafont.eu\/blog\/wp-json\/wp\/v2\/tags?post=376"}],"curies":[{"name":"wp","href":"https:\/\/api.w.org\/{rel}","templated":true}]}}