{"id":368,"date":"2012-09-11T08:45:18","date_gmt":"2012-09-11T06:45:18","guid":{"rendered":"http:\/\/www.rafafont.eu\/blog\/?p=368"},"modified":"2012-09-13T16:51:16","modified_gmt":"2012-09-13T14:51:16","slug":"sugerencias-para-equo-galicia-en-el-frente-amplio","status":"publish","type":"post","link":"https:\/\/www.rafafont.eu\/blog\/sugerencias-para-equo-galicia-en-el-frente-amplio\/","title":{"rendered":"Sugerencias para Equo Galicia en el Frente Amplio"},"content":{"rendered":"<p>Mis compa\u00f1eras de Equo en Galicia han optado por una coalici\u00f3n para las auton\u00f3micas. Lo llaman &#8220;frente amplio&#8221;, en el que estar\u00e1n tambi\u00e9n Esquerda Unida (1% en las \u00faltimas gallegas, 4,1% en las \u00faltimas municipales) y <a href=\"http:\/\/es.wikipedia.org\/wiki\/ANOVA-Irmandade_Nacionalista\">ANOVA<\/a> (nacionalistas gallegos en torno al ex-BNG Beiras). Finalmente <a href=\"http:\/\/ccaa.elpais.com\/ccaa\/2012\/09\/08\/galicia\/1347056005_742529.html\">no estar\u00e1 &#8220;Compromiso por Galiza&#8221;<\/a> (donde hay alg\u00fan ex-Equo con <a href=\"http:\/\/www.ecogaleguistas.org\/\">Ecogaleguistas<\/a>). <strong>Actualizaci\u00f3n 13\/09<\/strong>: <a href=\"http:\/\/ccaa.elpais.com\/ccaa\/2012\/09\/13\/galicia\/1347530452_867763.html\">Ecogaleguistas abandona Compromiso por Galiza para unirse a la coalici\u00f3n<\/a>.<\/p>\n<p>Tengo que decir que no me gusta esta decisi\u00f3n. Yo no ir\u00eda ni con IU, ni con nacionalistas, aunque ir en solitario significase sacar el 0,61% de las municipales. Prefiero que la papeleta de Equo vaya en solitario porque creo que nuestra apuesta no la iguala nadie. Pero mi opini\u00f3n aqu\u00ed importa poco. En este partido no hay un control central, y en Galicia han sido las integrantes de <a href=\"https:\/\/twitter.com\/EQUOGalicia\">Equo Galicia<\/a> quienes han decidido en su \u00e1mbito de actuaci\u00f3n \u00a0sumarse a ese frente amplio, con el objetivo principal de <a href=\"http:\/\/www.equova.org\/2012\/09\/equo-galicia-apuesta-por-un-frente-electoral-amplio-el-21-o-para-frenar-al-partido-popular\/\">frenar al PP<\/a>.<\/p>\n<p><a href=\"https:\/\/www.rafafont.eu\/blog\/wp-content\/uploads\/2012\/09\/EquoGalicia.jpg\"><img decoding=\"async\" loading=\"lazy\" class=\"aligncenter size-full wp-image-370\" title=\"EquoGalicia\" src=\"https:\/\/www.rafafont.eu\/blog\/wp-content\/uploads\/2012\/09\/EquoGalicia.jpg\" alt=\"\" width=\"850\" height=\"315\" srcset=\"https:\/\/www.rafafont.eu\/blog\/wp-content\/uploads\/2012\/09\/EquoGalicia.jpg 850w, https:\/\/www.rafafont.eu\/blog\/wp-content\/uploads\/2012\/09\/EquoGalicia-300x111.jpg 300w, https:\/\/www.rafafont.eu\/blog\/wp-content\/uploads\/2012\/09\/EquoGalicia-500x185.jpg 500w\" sizes=\"(max-width: 850px) 100vw, 850px\" \/><\/a><\/p>\n<p>Me gustar\u00eda contribuir al recorrido al que se enfrentan los equos gallegos con algunas sugerencias sobre c\u00f3mo afrontar este pacto, basadas en lo que conozco sobre los 8 a\u00f1os de coalici\u00f3n entre Los Verdes de Asturias e Izquierda Unida.<\/p>\n<p>&#8211; <strong>El programa<\/strong>. Aunque decimos a menudo que &#8220;<em>hablemos primero de contenidos, luego de si hay pacto o no<\/em>&#8220;, en el caso gallego la urgencia le ha dado la vuelta. El programa com\u00fan ser\u00e1 negociado probablemente con prisas, y conviene anticiparse: cuanto antes conozcamos nuestras lineas rojas y propuestas generales, mejor.<\/p>\n<p>Una herramienta para desbloquear negociaciones es <em>&#8220;acordar el desacuerdo&#8221;<\/em>, esto es, si no llegamos a un punto com\u00fan, entonces cada organizaci\u00f3n decide que defender\u00e1 su propio punto de vista por su cuenta, fuera del \u00e1mbito del pacto. Esto es un arma de doble filo: la organizaci\u00f3n grande tiene m\u00e1s recursos, y la organizaci\u00f3n peque\u00f1a sufrir\u00e1 las cr\u00edticas. Explicar a la gente que &#8220;<em>s\u00ed, estamos en un pacto con ellos, pero este tema en concreto queda fuera del pacto<\/em>&#8221; es tan leg\u00edtimo como dif\u00edcil.<\/p>\n<p>&#8211; <strong>La visibilidad de la marca Equo<\/strong>. Una raz\u00f3n para el pacto es obtener mayor visibilidad, sea en la papeleta, en las comunicaciones, o en la presencia de integrantes de Equo en apariciones p\u00fablicas. Esta cuesti\u00f3n no se suele reflejar en los programas y genera equ\u00edvocos f\u00e1cilmente. Los partidos grandes aprovechan para obviar a los peque\u00f1os, que tienen que quejarse continuamente para no quedarse fuera. Aparte: \u00bfse podr\u00e1 oir a los co-portavoces de Equo hablando por s\u00ed mismos, en sus propias notas de prensa, cuando lo consideren necesario?<\/p>\n<p>A veces el partido peque\u00f1o es muy visible cuando no le conviene. Por ejemplo si la coalici\u00f3n se posiciona sobre un tema que no compartimos, ah\u00ed lo que se &#8220;visibiliza&#8221; es una contradicci\u00f3n. En Asturias cada vez que IU apoyaba el carb\u00f3n, ten\u00edamos que salir Los Verdes a decir que respet\u00e1bamos la postura de nuestros socios pero que nosotros apoy\u00e1bamos las renovables y que el carb\u00f3n era cosa del siglo pasado.<\/p>\n<p>&#8211; <strong>Gente disponible para los cargos<\/strong>. Podr\u00eda ocurrir que este Frente Amplio (Alternativa Galega) obtuviese esca\u00f1os en el Parlamento Gallego. Equo podr\u00eda obtener un diputado, seg\u00fan vaya la negociaci\u00f3n de las listas, y cargos como &#8220;asesores parlamentarios&#8221; (an\u00e1logo al de Enrique Fern\u00e1ndez en Asturias). \u00bfHay alguien dentro de Equo que est\u00e9 dispuesto a dejar su trabajo actual (si lo tiene) para asumir esa responsabilidad?<\/p>\n<p>Vayamos m\u00e1s all\u00e1 y pensemos en un vuelco electoral y un pacto de gobierno. Ser\u00eda un plato muy fuerte para un partido peque\u00f1o en formaci\u00f3n, y en la negociaci\u00f3n entrar\u00edan pactos entre muchas fuerzas. No ser\u00eda descabellado pensar en una Direcci\u00f3n General para Equo (an\u00e1logamente al puesto que Joaqu\u00edn Arce desarroll\u00f3 como miembro de Los Verdes de Asturias).<\/p>\n<p>&#8211; <strong>Reforzar Equo Galicia<\/strong>. Dentro de 4 a\u00f1os, \u00bfhabr\u00e1 servido esta coalici\u00f3n para reforzar Equo Galicia? Si no, la situaci\u00f3n ser\u00e1 la misma que ahora. Sin embargo, un partido peque\u00f1o que tenga que gestionar una coalici\u00f3n, asesores y\/o directores generales, apenas va tener tiempo para reforzarse internamente. Con tiempo y recursos finitos\u00a0en Asturias \u00e9ramos el mismo n\u00famero de afiliados al principio y al final del pacto.<\/p>\n<p>Imagino que si no hay representaci\u00f3n parlamentaria cada partido siga por su cuenta. Pero si la apuesta sale bien \u00e9sto va a durar cuatro a\u00f1os, y hay que estar preparados para afrontarlos. Habr\u00e1 decenas de reuniones a horas intempestivas en sitios remotos. En la medida de lo posible no dej\u00e9is a nadie solo, que haya siempre un apoyo, un refuerzo humano por encima de las cuestiones pol\u00edticas.<\/p>\n<p>&#8211; <strong>El dinero<\/strong>. Equo no se endeuda, y eso es marca de distinci\u00f3n. \u00bfVa la coalici\u00f3n a pedir cr\u00e9ditos para la campa\u00f1a? Si es as\u00ed, \u00bfc\u00f3mo va a participar Equo? En Asturias IU pon\u00eda todo el dinero necesario, y a cambio tambi\u00e9n se llevaba todo el dinero de las subvenciones estatales por votos obtenidos.<\/p>\n<p>En Asturias nuestros cargos electos donaban una buena cantidad de su sueldo al partido, tal y como ven\u00eda establecido en el reglamento de Cargos P\u00fablicos. Equo tambi\u00e9n tiene un <a href=\"http:\/\/equoasturias.proyectoequo.org\/decalogo-del-cargo-publico-en-equo\/\">Dec\u00e1logo del Cargo P\u00fablico<\/a>, pero no hace referencia al dinero. \u00bfVa a pedirse a quienes sean elegidos que contribuyan generosamente? Si va a ser as\u00ed, que no quede lugar a dudas.<\/p>\n<p><strong>Mejor tener estos problemas por haber tenido \u00e9xito<\/strong><\/p>\n<p>Espero que este Frente Amplio les de alas a las compa\u00f1eras gallegas, que les refuerce internamente y les permita alcanzar puestos de representaci\u00f3n. Les deseo que tengan todos los problemas aqu\u00ed se\u00f1alados, porque mejor tener \u00e9xito electoral y sus problemas derivados que no tener ninguna de las dos cosas.<\/p>\n","protected":false},"excerpt":{"rendered":"<p>Mis compa\u00f1eras de Equo en Galicia han optado por una coalici\u00f3n para las auton\u00f3micas. Lo llaman &#8220;frente amplio&#8221;, en el que estar\u00e1n tambi\u00e9n Esquerda Unida (1% en las \u00faltimas gallegas, 4,1% en las \u00faltimas municipales) y ANOVA (nacionalistas gallegos en torno al ex-BNG Beiras). Finalmente no estar\u00e1 &#8220;Compromiso por Galiza&#8221; (donde hay alg\u00fan ex-Equo con [&hellip;]<\/p>\n","protected":false},"author":2,"featured_media":0,"comment_status":"open","ping_status":"open","sticky":false,"template":"","format":"standard","meta":{"_s2mail":"yes","jetpack_publicize_message":"","jetpack_is_tweetstorm":false,"jetpack_publicize_feature_enabled":true,"jetpack_social_post_already_shared":false,"jetpack_social_options":{"image_generator_settings":{"template":"highway","enabled":false}}},"categories":[135],"tags":[248,247,246,255,249,254,250,251,245,253,252],"jetpack_publicize_connections":[],"_links":{"self":[{"href":"https:\/\/www.rafafont.eu\/blog\/wp-json\/wp\/v2\/posts\/368"}],"collection":[{"href":"https:\/\/www.rafafont.eu\/blog\/wp-json\/wp\/v2\/posts"}],"about":[{"href":"https:\/\/www.rafafont.eu\/blog\/wp-json\/wp\/v2\/types\/post"}],"author":[{"embeddable":true,"href":"https:\/\/www.rafafont.eu\/blog\/wp-json\/wp\/v2\/users\/2"}],"replies":[{"embeddable":true,"href":"https:\/\/www.rafafont.eu\/blog\/wp-json\/wp\/v2\/comments?post=368"}],"version-history":[{"count":5,"href":"https:\/\/www.rafafont.eu\/blog\/wp-json\/wp\/v2\/posts\/368\/revisions"}],"predecessor-version":[{"id":373,"href":"https:\/\/www.rafafont.eu\/blog\/wp-json\/wp\/v2\/posts\/368\/revisions\/373"}],"wp:attachment":[{"href":"https:\/\/www.rafafont.eu\/blog\/wp-json\/wp\/v2\/media?parent=368"}],"wp:term":[{"taxonomy":"category","embeddable":true,"href":"https:\/\/www.rafafont.eu\/blog\/wp-json\/wp\/v2\/categories?post=368"},{"taxonomy":"post_tag","embeddable":true,"href":"https:\/\/www.rafafont.eu\/blog\/wp-json\/wp\/v2\/tags?post=368"}],"curies":[{"name":"wp","href":"https:\/\/api.w.org\/{rel}","templated":true}]}}